{"id":1701,"date":"2018-07-25T21:33:00","date_gmt":"2018-07-26T00:33:00","guid":{"rendered":"http:\/\/blogdoedvaldomagalhaes.com.br\/index.php\/2018\/07\/25\/policia-apreende-grande-quantidade-de\/"},"modified":"2019-02-09T02:25:45","modified_gmt":"2019-02-09T04:25:45","slug":"policia-apreende-grande-quantidade-de","status":"publish","type":"post","link":"https:\/\/blogdoedvaldomagalhaes.com.br\/index.php\/2018\/07\/25\/policia-apreende-grande-quantidade-de\/","title":{"rendered":"Pol\u00edcia apreende grande quantidade de droga em Caruaru e prende suspeito"},"content":{"rendered":"<div class=\"separator\" style=\"clear: both; text-align: center;\">\n<a href=\"https:\/\/4.bp.blogspot.com\/-eGVMSkjQ5BY\/W1jrgKNCCSI\/AAAAAAAA3Ck\/QpanIKBjEHgoa-bCi8cn4poRJ2OKE1h0ACLcBGAs\/s1600\/IMG-20180725-WA0119.jpg\" imageanchor=\"1\" style=\"margin-left: 1em; margin-right: 1em;\"><img loading=\"lazy\" decoding=\"async\" border=\"0\" data-original-height=\"584\" data-original-width=\"1040\" height=\"358\" src=\"http:\/\/blogdoedvaldomagalhaes.com.br\/wp-content\/uploads\/2018\/07\/IMG-20180725-WA0119.jpg\" width=\"640\" \/><\/a><\/div>\n<div class=\"separator\" style=\"clear: both; text-align: center;\">\nFoto: Josias Souza\/Sem Meias Palavras&nbsp;<\/div>\n<p><\/p>\n<div style=\"text-align: justify;\">\nAtrav\u00e9s de informa\u00e7\u00f5es repassadas pelo NIA os policiais militares do 4\u00b0BPM&#8221; da ca\u00e7a HOMICIDA e M.O&#8217;S do MONTE&#8221; se deslocaram at\u00e9 uma loja aqui em Caruaru, onde conduziram um homem de nome: ARLINDO MATIAS J\u00daNIOR 40 anos, &nbsp;o mesmo trabalha como vendedor<\/div>\n<div style=\"text-align: justify;\">\n<\/div>\n<div style=\"text-align: justify;\">\nOs policiais conduziram o mesmo at\u00e9 sua resid\u00eancia que fica localizada na rua: CAPIT\u00c3O LUIZ DOS R\u00c9IS&#8221; centro de Caruaru, ao chegar na resid\u00eancia do mesmo foram encontrados aproximadamente 125 quilos de maconha dentro do quarto do acusado, tamb\u00e9m foi encontrada 01 balan\u00e7a de precis\u00e3o, al\u00e9m de 04 camisas da pol\u00edcia civil.<\/p>\n<\/div>\n<div style=\"text-align: justify;\">\n<div class=\"separator\" style=\"clear: both; text-align: center;\">\n<a href=\"https:\/\/4.bp.blogspot.com\/-5Mg8UAboFY8\/W1mo7pH8Q2I\/AAAAAAAA3Dc\/078yzhjSeHEXrg0CqmtCyQ1b_-pqDWKjACLcBGAs\/s1600\/camisas.jpg\" imageanchor=\"1\" style=\"margin-left: 1em; margin-right: 1em;\"><img loading=\"lazy\" decoding=\"async\" border=\"0\" data-original-height=\"288\" data-original-width=\"512\" height=\"360\" src=\"http:\/\/blogdoedvaldomagalhaes.com.br\/wp-content\/uploads\/2018\/07\/camisas.jpg\" width=\"640\" \/><\/a><\/div>\n<p><\/div>\n<div style=\"text-align: justify;\">\nAo ser indagado o mesmo falou que as drogas n\u00e3o pertencia a ele, que uma pessoa pediu para ele guardar.<\/div>\n<div style=\"text-align: justify;\">\n<\/div>\n<div style=\"text-align: justify;\">\nDiante dos fatos o homem juntamente com o material apreendido foram conduzidos para delegacia de plant\u00e3o para serem tomadas as devidas medidas cab\u00edveis.<\/div>\n","protected":false},"excerpt":{"rendered":"<p>Foto: Josias Souza\/Sem Meias Palavras&nbsp; Atrav\u00e9s de informa\u00e7\u00f5es repassadas pelo NIA os policiais militares do 4\u00b0BPM&#8221; da ca\u00e7a HOMICIDA e&hellip;<\/p>\n","protected":false},"author":1,"featured_media":0,"comment_status":"open","ping_status":"open","sticky":false,"template":"","format":"standard","meta":{"footnotes":""},"categories":[1],"tags":[2,1716,13],"class_list":["post-1701","post","type-post","status-publish","format-standard","hentry","category-sem-categoria","tag-blog-do-edvaldo-magalhaes","tag-policia-apreende-grande-quantidade-de-droga-em-caruaru-e-prende-suspeito","tag-policial"],"_links":{"self":[{"href":"https:\/\/blogdoedvaldomagalhaes.com.br\/index.php\/wp-json\/wp\/v2\/posts\/1701","targetHints":{"allow":["GET"]}}],"collection":[{"href":"https:\/\/blogdoedvaldomagalhaes.com.br\/index.php\/wp-json\/wp\/v2\/posts"}],"about":[{"href":"https:\/\/blogdoedvaldomagalhaes.com.br\/index.php\/wp-json\/wp\/v2\/types\/post"}],"author":[{"embeddable":true,"href":"https:\/\/blogdoedvaldomagalhaes.com.br\/index.php\/wp-json\/wp\/v2\/users\/1"}],"replies":[{"embeddable":true,"href":"https:\/\/blogdoedvaldomagalhaes.com.br\/index.php\/wp-json\/wp\/v2\/comments?post=1701"}],"version-history":[{"count":1,"href":"https:\/\/blogdoedvaldomagalhaes.com.br\/index.php\/wp-json\/wp\/v2\/posts\/1701\/revisions"}],"predecessor-version":[{"id":32986,"href":"https:\/\/blogdoedvaldomagalhaes.com.br\/index.php\/wp-json\/wp\/v2\/posts\/1701\/revisions\/32986"}],"wp:attachment":[{"href":"https:\/\/blogdoedvaldomagalhaes.com.br\/index.php\/wp-json\/wp\/v2\/media?parent=1701"}],"wp:term":[{"taxonomy":"category","embeddable":true,"href":"https:\/\/blogdoedvaldomagalhaes.com.br\/index.php\/wp-json\/wp\/v2\/categories?post=1701"},{"taxonomy":"post_tag","embeddable":true,"href":"https:\/\/blogdoedvaldomagalhaes.com.br\/index.php\/wp-json\/wp\/v2\/tags?post=1701"}],"curies":[{"name":"wp","href":"https:\/\/api.w.org\/{rel}","templated":true}]}}