{"id":1698,"date":"2018-07-26T10:59:00","date_gmt":"2018-07-26T13:59:00","guid":{"rendered":"http:\/\/blogdoedvaldomagalhaes.com.br\/index.php\/2018\/07\/26\/policia-rodoviaria-federal-apreende-e\/"},"modified":"2019-02-09T02:25:46","modified_gmt":"2019-02-09T04:25:46","slug":"policia-rodoviaria-federal-apreende-e","status":"publish","type":"post","link":"https:\/\/blogdoedvaldomagalhaes.com.br\/index.php\/2018\/07\/26\/policia-rodoviaria-federal-apreende-e\/","title":{"rendered":"Pol\u00edcia Rodovi\u00e1ria Federal apreende em Caruaru \u00f4nibus de transporte p\u00fablico"},"content":{"rendered":"<div class=\"separator\" style=\"clear: both; text-align: center;\">\n<a href=\"https:\/\/2.bp.blogspot.com\/-OPydU2oJquU\/W1mpYYnhR-I\/AAAAAAAA3Dk\/KPK_cZREZroUiPnPdCUkjBxohnKTwjh3wCLcBGAs\/s1600\/prf.jpg\" imageanchor=\"1\" style=\"margin-left: 1em; margin-right: 1em;\"><img loading=\"lazy\" decoding=\"async\" border=\"0\" data-original-height=\"291\" data-original-width=\"500\" height=\"372\" src=\"http:\/\/blogdoedvaldomagalhaes.com.br\/wp-content\/uploads\/2018\/07\/prf-2.jpg\" width=\"640\" \/><\/a><\/div>\n<div class=\"separator\" style=\"clear: both; text-align: center;\">\nFoto: Reprodu\u00e7\u00e3o\/WhatsApp\/Cortesia<\/div>\n<p><\/p>\n<div style=\"background-color: white; box-sizing: border-box; line-height: 24px; margin-bottom: 10px; text-align: justify;\">\nTr\u00eas \u00f4nibus da empresa Capital do Agreste foram apreendidos nesta quarta-feira (25), pela Pol\u00edcia Rodovi\u00e1ria Federal (PRF), no Posto da Juriti, BR-104, em Caruaru. Os coletivos faziam a linha cidade\/Vila Rafael. Os ve\u00edculos foram levados para um p\u00e1tio no Distrito Industrial e depois para uma transportadora.<\/div>\n<p><\/p>\n<div style=\"background-color: white; box-sizing: border-box; line-height: 24px; margin-bottom: 10px; text-align: justify;\">\n<\/div>\n<div style=\"background-color: white; box-sizing: border-box; line-height: 24px; margin-bottom: 10px; text-align: justify;\">\n<\/div>\n<div class=\"sharedaddy sd-sharing-enabled\" style=\"background-color: white; box-sizing: border-box; clear: both;\">\n<\/div>\n<p><\/p>\n<div style=\"-webkit-text-stroke-width: 0px; background-color: white; box-sizing: border-box; font-style: normal; font-variant-caps: normal; font-variant-ligatures: normal; font-weight: 400; letter-spacing: normal; line-height: 24px; margin: 0px 0px 10px; orphans: 2; text-align: justify; text-decoration-color: initial; text-decoration-style: initial; text-indent: 0px; text-transform: none; white-space: normal; widows: 2; word-spacing: 0px;\">\nA Capital do Agreste informou que as pend\u00eancias constadas em documentos dos ve\u00edculos retidos, diz respeito \u00e0s taxas administrativas para emiss\u00e3o do CRLV 2018 e que elas j\u00e1 foram sanadas pela empresa. Informou ainda que o IPVA 2018 dos ve\u00edculos, (frota provis\u00f3ria) e dos demais da empresa, j\u00e1 est\u00e3o quitados desde o in\u00edcio do ano.<\/div>\n<div style=\"-webkit-text-stroke-width: 0px; background-color: white; box-sizing: border-box; font-style: normal; font-variant-caps: normal; font-variant-ligatures: normal; font-weight: 400; letter-spacing: normal; line-height: 24px; margin: 0px 0px 10px; orphans: 2; text-align: justify; text-decoration-color: initial; text-decoration-style: initial; text-indent: 0px; text-transform: none; white-space: normal; widows: 2; word-spacing: 0px;\">\nInforma\u00e7\u00f5es da R\u00e1dio Liberdade.<\/div>\n","protected":false},"excerpt":{"rendered":"<p>Foto: Reprodu\u00e7\u00e3o\/WhatsApp\/Cortesia Tr\u00eas \u00f4nibus da empresa Capital do Agreste foram apreendidos nesta quarta-feira (25), pela Pol\u00edcia Rodovi\u00e1ria Federal (PRF), no&hellip;<\/p>\n","protected":false},"author":1,"featured_media":0,"comment_status":"open","ping_status":"open","sticky":false,"template":"","format":"standard","meta":{"footnotes":""},"categories":[1],"tags":[2,1713,13],"class_list":["post-1698","post","type-post","status-publish","format-standard","hentry","category-sem-categoria","tag-blog-do-edvaldo-magalhaes","tag-policia-rodoviaria-federal-apreende-em-caruaru-onibus-de-transporte-publico","tag-policial"],"_links":{"self":[{"href":"https:\/\/blogdoedvaldomagalhaes.com.br\/index.php\/wp-json\/wp\/v2\/posts\/1698","targetHints":{"allow":["GET"]}}],"collection":[{"href":"https:\/\/blogdoedvaldomagalhaes.com.br\/index.php\/wp-json\/wp\/v2\/posts"}],"about":[{"href":"https:\/\/blogdoedvaldomagalhaes.com.br\/index.php\/wp-json\/wp\/v2\/types\/post"}],"author":[{"embeddable":true,"href":"https:\/\/blogdoedvaldomagalhaes.com.br\/index.php\/wp-json\/wp\/v2\/users\/1"}],"replies":[{"embeddable":true,"href":"https:\/\/blogdoedvaldomagalhaes.com.br\/index.php\/wp-json\/wp\/v2\/comments?post=1698"}],"version-history":[{"count":1,"href":"https:\/\/blogdoedvaldomagalhaes.com.br\/index.php\/wp-json\/wp\/v2\/posts\/1698\/revisions"}],"predecessor-version":[{"id":32995,"href":"https:\/\/blogdoedvaldomagalhaes.com.br\/index.php\/wp-json\/wp\/v2\/posts\/1698\/revisions\/32995"}],"wp:attachment":[{"href":"https:\/\/blogdoedvaldomagalhaes.com.br\/index.php\/wp-json\/wp\/v2\/media?parent=1698"}],"wp:term":[{"taxonomy":"category","embeddable":true,"href":"https:\/\/blogdoedvaldomagalhaes.com.br\/index.php\/wp-json\/wp\/v2\/categories?post=1698"},{"taxonomy":"post_tag","embeddable":true,"href":"https:\/\/blogdoedvaldomagalhaes.com.br\/index.php\/wp-json\/wp\/v2\/tags?post=1698"}],"curies":[{"name":"wp","href":"https:\/\/api.w.org\/{rel}","templated":true}]}}