{"id":1697,"date":"2018-07-26T13:32:00","date_gmt":"2018-07-26T16:32:00","guid":{"rendered":"http:\/\/blogdoedvaldomagalhaes.com.br\/index.php\/2018\/07\/26\/acusados-da-pratica-de-assaltos-troca\/"},"modified":"2019-02-09T02:25:50","modified_gmt":"2019-02-09T04:25:50","slug":"acusados-da-pratica-de-assaltos-troca","status":"publish","type":"post","link":"https:\/\/blogdoedvaldomagalhaes.com.br\/index.php\/2018\/07\/26\/acusados-da-pratica-de-assaltos-troca\/","title":{"rendered":"Acusados da pr\u00e1tica de assaltos trocam tiros com a pol\u00edcia e um morre"},"content":{"rendered":"<div class=\"separator\" style=\"clear: both; text-align: center;\">\n<a href=\"https:\/\/1.bp.blogspot.com\/-w_TJE6NHw-o\/W1nMkQWf_sI\/AAAAAAAA3Dw\/iedLL4WTDbI5a6kp8SIfzb-hLWdSlF23ACLcBGAs\/s1600\/IMG-20180726-WA0038.jpg\" imageanchor=\"1\" style=\"margin-left: 1em; margin-right: 1em;\"><img loading=\"lazy\" decoding=\"async\" border=\"0\" data-original-height=\"720\" data-original-width=\"1280\" height=\"360\" src=\"http:\/\/blogdoedvaldomagalhaes.com.br\/wp-content\/uploads\/2018\/07\/IMG-20180726-WA0038.jpg\" width=\"640\" \/><\/a><\/div>\n<div class=\"separator\" style=\"clear: both; text-align: center;\">\n<\/div>\n<div class=\"separator\" style=\"clear: both; text-align: center;\">\n<a href=\"https:\/\/2.bp.blogspot.com\/-Vtpxt86ICSc\/W1nnDpVejGI\/AAAAAAAA3FE\/atW-31qO6RENq4Evvtg4uJjDcrcMn9HSwCLcBGAs\/s1600\/zap.jpg\" imageanchor=\"1\" style=\"margin-left: 1em; margin-right: 1em;\"><img loading=\"lazy\" decoding=\"async\" border=\"0\" data-original-height=\"275\" data-original-width=\"500\" height=\"352\" src=\"http:\/\/blogdoedvaldomagalhaes.com.br\/wp-content\/uploads\/2018\/07\/zap-1.jpg\" width=\"640\" \/><\/a><\/div>\n<div style=\"text-align: center;\">\nFotos: WhatsApp\/Cortesia<\/div>\n<div style=\"text-align: center;\">\n<\/div>\n<div class=\"separator\" style=\"clear: both; text-align: center;\">\n<a href=\"https:\/\/3.bp.blogspot.com\/-d7EDFOrJGfw\/W1nMnntxs4I\/AAAAAAAA3D0\/L8xa-HqURoocRBzbg8vWKXEX1ZVgc8wSACLcBGAs\/s1600\/IMG-20180726-WA0037.jpg\" imageanchor=\"1\" style=\"margin-left: 1em; margin-right: 1em;\"><img loading=\"lazy\" decoding=\"async\" border=\"0\" data-original-height=\"774\" data-original-width=\"1032\" height=\"480\" src=\"http:\/\/blogdoedvaldomagalhaes.com.br\/wp-content\/uploads\/2018\/07\/IMG-20180726-WA0037.jpg\" width=\"640\" \/><\/a><\/div>\n<p><\/p>\n<div class=\"separator\" style=\"clear: both; text-align: center;\">\n<a href=\"https:\/\/1.bp.blogspot.com\/-H7K_9tPwEOo\/W1nMqopb9II\/AAAAAAAA3D4\/k16CmjPYo6EnIMfTfRzdJmuOGJ8MuzQYwCLcBGAs\/s1600\/IMG-20180726-WA0036.jpg\" imageanchor=\"1\" style=\"margin-left: 1em; margin-right: 1em;\"><img loading=\"lazy\" decoding=\"async\" border=\"0\" data-original-height=\"1280\" data-original-width=\"720\" height=\"640\" src=\"http:\/\/blogdoedvaldomagalhaes.com.br\/wp-content\/uploads\/2018\/07\/IMG-20180726-WA0036.jpg\" width=\"360\" \/><\/a><\/div>\n<div class=\"separator\" style=\"clear: both; text-align: center;\">\n<\/div>\n<div class=\"separator\" style=\"clear: both; text-align: center;\">\n<a href=\"https:\/\/1.bp.blogspot.com\/-ZnXagMLmC6A\/W1nMv44cxTI\/AAAAAAAA3EA\/puYyL3faxO89ssQwMA4J9IxwMl80dxtvQCLcBGAs\/s1600\/IMG-20180726-WA0035.jpg\" imageanchor=\"1\" style=\"margin-left: 1em; margin-right: 1em;\"><img loading=\"lazy\" decoding=\"async\" border=\"0\" data-original-height=\"1280\" data-original-width=\"720\" height=\"640\" src=\"http:\/\/blogdoedvaldomagalhaes.com.br\/wp-content\/uploads\/2018\/07\/IMG-20180726-WA0035.jpg\" width=\"360\" \/><\/a><\/div>\n<div class=\"separator\" style=\"clear: both; text-align: center;\">\nFotos acima de Reginaldo Souza\/Sem Meias Palavras<\/div>\n<p><\/p>\n<div class=\"separator\" style=\"clear: both; text-align: center;\">\n<a href=\"https:\/\/2.bp.blogspot.com\/-XBsYA3zj01I\/W1nM41WR_hI\/AAAAAAAA3EI\/erQEJy2rw5EpwkTwASD3zEqyv5QoOPyGwCLcBGAs\/s1600\/20180726_101154.jpg\" imageanchor=\"1\" style=\"margin-left: 1em; margin-right: 1em;\"><img loading=\"lazy\" decoding=\"async\" border=\"0\" data-original-height=\"900\" data-original-width=\"1600\" height=\"360\" src=\"http:\/\/blogdoedvaldomagalhaes.com.br\/wp-content\/uploads\/2018\/07\/20180726_101154.jpg\" width=\"640\" \/><\/a><\/div>\n<p><\/p>\n<div class=\"separator\" style=\"clear: both; text-align: center;\">\n<a href=\"https:\/\/1.bp.blogspot.com\/-9Zffe8ZsP9Y\/W1nTwxEjOuI\/AAAAAAAA3Ec\/6r7TRE4h_CsZUftqNSOCBRRTxvGHIdM3QCLcBGAs\/s1600\/20180726_100324.jpg\" imageanchor=\"1\" style=\"margin-left: 1em; margin-right: 1em;\"><img loading=\"lazy\" decoding=\"async\" border=\"0\" data-original-height=\"1600\" data-original-width=\"900\" height=\"640\" src=\"http:\/\/blogdoedvaldomagalhaes.com.br\/wp-content\/uploads\/2018\/07\/20180726_100324.jpg\" width=\"360\" \/><\/a><\/div>\n<div class=\"separator\" style=\"clear: both; text-align: center;\">\nAlexsandro Pereira da Silva<\/div>\n<div class=\"separator\" style=\"clear: both; text-align: center;\">\n<a href=\"https:\/\/4.bp.blogspot.com\/-FI1Vm1ocJ9I\/W1s4A-cQHJI\/AAAAAAAA3K8\/Dax1KmJxQesHBCmIGeCbUimRsvzT7PqwACLcBGAs\/s1600\/IMG-20180727-WA0072.jpg\" imageanchor=\"1\" style=\"margin-left: 1em; margin-right: 1em;\"><img loading=\"lazy\" decoding=\"async\" border=\"0\" data-original-height=\"1280\" data-original-width=\"720\" height=\"640\" src=\"http:\/\/blogdoedvaldomagalhaes.com.br\/wp-content\/uploads\/2018\/07\/IMG-20180727-WA0072.jpg\" width=\"360\" \/><\/a><\/div>\n<div class=\"separator\" style=\"clear: both; text-align: center;\">\nFagner Alisson Medeiros Nascimento<\/div>\n<div class=\"separator\" style=\"clear: both; text-align: center;\">\n<\/div>\n<p><\/p>\n<div style=\"text-align: justify;\">\nNa manh\u00e3 desta quinta-feira (26), houve uma troca de tiros entre tr\u00eas acusados da pr\u00e1tica de assaltos e a Pol\u00edcia Militar, no bairro Agamenon Magalh\u00e3es, em Caruaru. Segundo informa\u00e7\u00f5es da pol\u00edcia, os tr\u00eas &nbsp;indiv\u00edduos estavam praticando assaltos usando o ve\u00edculo Corolla com placas clonadas PDC-4881 de Recife.<\/p>\n<p>De acordo com a policia, &nbsp;os suspeitos estiveram em Bezerros e depois vieram para Caruaru, onde encontraram a pol\u00edcia, havendo uma troca de tiros. Morreu no HRA, Fagner Alisson Medeiros Nascimento de 23 anos, casado, tinha um filho de tr\u00eas anos, era mototaxista, morava no bairro Jord\u00e3o, em Recife, e outro de nome Alexsandro Pereira da Silva, de 26 anos, est\u00e1 no Hospital Regional do Agreste, sendo medicado. O terceiro acusado fugiu e a pol\u00edcia est\u00e1 tentando localizar. Uma viatura do 1\u00b0 BIEsp foi atingida pelas balas dos acusados, nenhum policial foi atingido.&nbsp;<\/p><\/div>\n<div style=\"text-align: justify;\">\n<\/div>\n","protected":false},"excerpt":{"rendered":"<p>Fotos: WhatsApp\/Cortesia Fotos acima de Reginaldo Souza\/Sem Meias Palavras Alexsandro Pereira da Silva Fagner Alisson Medeiros Nascimento Na manh\u00e3 desta&hellip;<\/p>\n","protected":false},"author":1,"featured_media":0,"comment_status":"open","ping_status":"open","sticky":false,"template":"","format":"standard","meta":{"footnotes":""},"categories":[1],"tags":[1712,2,13],"class_list":["post-1697","post","type-post","status-publish","format-standard","hentry","category-sem-categoria","tag-acusados-da-pratica-de-assaltos-trocam-tiros-com-a-policia-e-um-morre","tag-blog-do-edvaldo-magalhaes","tag-policial"],"_links":{"self":[{"href":"https:\/\/blogdoedvaldomagalhaes.com.br\/index.php\/wp-json\/wp\/v2\/posts\/1697","targetHints":{"allow":["GET"]}}],"collection":[{"href":"https:\/\/blogdoedvaldomagalhaes.com.br\/index.php\/wp-json\/wp\/v2\/posts"}],"about":[{"href":"https:\/\/blogdoedvaldomagalhaes.com.br\/index.php\/wp-json\/wp\/v2\/types\/post"}],"author":[{"embeddable":true,"href":"https:\/\/blogdoedvaldomagalhaes.com.br\/index.php\/wp-json\/wp\/v2\/users\/1"}],"replies":[{"embeddable":true,"href":"https:\/\/blogdoedvaldomagalhaes.com.br\/index.php\/wp-json\/wp\/v2\/comments?post=1697"}],"version-history":[{"count":1,"href":"https:\/\/blogdoedvaldomagalhaes.com.br\/index.php\/wp-json\/wp\/v2\/posts\/1697\/revisions"}],"predecessor-version":[{"id":33004,"href":"https:\/\/blogdoedvaldomagalhaes.com.br\/index.php\/wp-json\/wp\/v2\/posts\/1697\/revisions\/33004"}],"wp:attachment":[{"href":"https:\/\/blogdoedvaldomagalhaes.com.br\/index.php\/wp-json\/wp\/v2\/media?parent=1697"}],"wp:term":[{"taxonomy":"category","embeddable":true,"href":"https:\/\/blogdoedvaldomagalhaes.com.br\/index.php\/wp-json\/wp\/v2\/categories?post=1697"},{"taxonomy":"post_tag","embeddable":true,"href":"https:\/\/blogdoedvaldomagalhaes.com.br\/index.php\/wp-json\/wp\/v2\/tags?post=1697"}],"curies":[{"name":"wp","href":"https:\/\/api.w.org\/{rel}","templated":true}]}}