{"id":1696,"date":"2018-07-26T15:19:00","date_gmt":"2018-07-26T18:19:00","guid":{"rendered":"http:\/\/blogdoedvaldomagalhaes.com.br\/index.php\/2018\/07\/26\/comando-presente-sera-reestruturado\/"},"modified":"2019-02-09T02:25:50","modified_gmt":"2019-02-09T04:25:50","slug":"comando-presente-sera-reestruturado","status":"publish","type":"post","link":"https:\/\/blogdoedvaldomagalhaes.com.br\/index.php\/2018\/07\/26\/comando-presente-sera-reestruturado\/","title":{"rendered":"Comando Presente ser\u00e1 reestruturado para melhorar seguran\u00e7a na Feira da Sulanca de Caruaru"},"content":{"rendered":"<div>\n<div class=\"separator\" style=\"clear: both; text-align: center;\">\n<a href=\"https:\/\/4.bp.blogspot.com\/-Qe6dLa5tklQ\/W1nmc5Oq-5I\/AAAAAAAA3E8\/sDmqrabNHEgAh_DJ_KxPF0RoIYt5PgwHACLcBGAs\/s1600\/IMG-20180726-WA0066.jpg\" imageanchor=\"1\" style=\"margin-left: 1em; margin-right: 1em;\"><img loading=\"lazy\" decoding=\"async\" border=\"0\" data-original-height=\"768\" data-original-width=\"1024\" height=\"240\" src=\"http:\/\/blogdoedvaldomagalhaes.com.br\/wp-content\/uploads\/2018\/07\/IMG-20180726-WA0066.jpg\" width=\"320\" \/><\/a><\/div>\n<p><\/div>\n<p><\/p>\n<div class=\"MsoNormal\" style=\"text-align: justify;\">\nCriado<br \/>\nem 2015, com o objetivo de melhorar a seguran\u00e7a da Feira da Sulanca de Caruaru,<br \/>\no Comando Presente ter\u00e1 novo formato. A novidade foi anunciada em reuni\u00e3o das<br \/>\nentidades de classe que integram o \u00f3rg\u00e3o, nessa quarta-feira (27), na sede do Sindloja.&nbsp;<\/p>\n<p>Dez entidades far\u00e3o parte de um f\u00f3rum para reestrutura\u00e7\u00e3o e formaliza\u00e7\u00e3o do Comando Presente, entre elas: Sindloja, Acic, CDL, Sincata, mais seis entidades que participam diretamente da feira, e mais sete representantes de setores da feira. O f\u00f3rum de discuss\u00f5es ter\u00e1 17 votos, para debater todas as a\u00e7\u00f5es na Feira da Sulanca. Haver\u00e1 um regimento, com direitos e obriga\u00e7\u00f5es de todos participantes.&nbsp;<\/p>\n<p>At\u00e9 o dia 31 deste m\u00eas de julho, as entidades devem enviar of\u00edcios formalizando os representantes, at\u00e9 o dia 31 de agosto os representantes ser\u00e3o escolhidos atrav\u00e9s de assembleias dos setores, em setembro e outubro o Regimento ser\u00e1 finalizado, em novembro haver\u00e1 a elei\u00e7\u00e3o da nova diretoria, e em janeiro de 2019 a nova diretoria inicia o trabalho.&nbsp;<\/p>\n<\/div>\n","protected":false},"excerpt":{"rendered":"<p>Criado em 2015, com o objetivo de melhorar a seguran\u00e7a da Feira da Sulanca de Caruaru, o Comando Presente ter\u00e1&hellip;<\/p>\n","protected":false},"author":1,"featured_media":0,"comment_status":"open","ping_status":"open","sticky":false,"template":"","format":"standard","meta":{"footnotes":""},"categories":[1],"tags":[2,1711,6],"class_list":["post-1696","post","type-post","status-publish","format-standard","hentry","category-sem-categoria","tag-blog-do-edvaldo-magalhaes","tag-comando-presente-sera-reestruturado-para-melhorar-seguranca-na-feira-da-sulanca-de-caruaru","tag-noticias"],"_links":{"self":[{"href":"https:\/\/blogdoedvaldomagalhaes.com.br\/index.php\/wp-json\/wp\/v2\/posts\/1696","targetHints":{"allow":["GET"]}}],"collection":[{"href":"https:\/\/blogdoedvaldomagalhaes.com.br\/index.php\/wp-json\/wp\/v2\/posts"}],"about":[{"href":"https:\/\/blogdoedvaldomagalhaes.com.br\/index.php\/wp-json\/wp\/v2\/types\/post"}],"author":[{"embeddable":true,"href":"https:\/\/blogdoedvaldomagalhaes.com.br\/index.php\/wp-json\/wp\/v2\/users\/1"}],"replies":[{"embeddable":true,"href":"https:\/\/blogdoedvaldomagalhaes.com.br\/index.php\/wp-json\/wp\/v2\/comments?post=1696"}],"version-history":[{"count":1,"href":"https:\/\/blogdoedvaldomagalhaes.com.br\/index.php\/wp-json\/wp\/v2\/posts\/1696\/revisions"}],"predecessor-version":[{"id":33006,"href":"https:\/\/blogdoedvaldomagalhaes.com.br\/index.php\/wp-json\/wp\/v2\/posts\/1696\/revisions\/33006"}],"wp:attachment":[{"href":"https:\/\/blogdoedvaldomagalhaes.com.br\/index.php\/wp-json\/wp\/v2\/media?parent=1696"}],"wp:term":[{"taxonomy":"category","embeddable":true,"href":"https:\/\/blogdoedvaldomagalhaes.com.br\/index.php\/wp-json\/wp\/v2\/categories?post=1696"},{"taxonomy":"post_tag","embeddable":true,"href":"https:\/\/blogdoedvaldomagalhaes.com.br\/index.php\/wp-json\/wp\/v2\/tags?post=1696"}],"curies":[{"name":"wp","href":"https:\/\/api.w.org\/{rel}","templated":true}]}}