{"id":1695,"date":"2018-07-26T21:36:00","date_gmt":"2018-07-27T00:36:00","guid":{"rendered":"http:\/\/blogdoedvaldomagalhaes.com.br\/index.php\/2018\/07\/26\/pmpe-resgata-refem-e-recupera-caminhao\/"},"modified":"2019-02-09T02:25:50","modified_gmt":"2019-02-09T04:25:50","slug":"pmpe-resgata-refem-e-recupera-caminhao","status":"publish","type":"post","link":"https:\/\/blogdoedvaldomagalhaes.com.br\/index.php\/2018\/07\/26\/pmpe-resgata-refem-e-recupera-caminhao\/","title":{"rendered":"PMPE resgata ref\u00e9m e recupera caminh\u00e3o com carga roubada em Caruaru"},"content":{"rendered":"<div class=\"separator\" style=\"clear: both; text-align: center;\">\n<a href=\"https:\/\/2.bp.blogspot.com\/-Rdurz6yzl64\/W1o-bL9WztI\/AAAAAAAA3FY\/eSTR0uAcKAQ7oEhbC4moUAByX1FZoQx_ACLcBGAs\/s1600\/IMG-20180726-WA0170.jpg\" imageanchor=\"1\" style=\"margin-left: 1em; margin-right: 1em;\"><img loading=\"lazy\" decoding=\"async\" border=\"0\" data-original-height=\"864\" data-original-width=\"1152\" height=\"480\" src=\"http:\/\/blogdoedvaldomagalhaes.com.br\/wp-content\/uploads\/2018\/07\/IMG-20180726-WA0170.jpg\" width=\"640\" \/><\/a><\/div>\n<div class=\"separator\" style=\"clear: both; text-align: center;\">\nFotos: PMPE\/Divulga\u00e7\u00e3o<\/div>\n<p><\/p>\n<div style=\"text-align: justify;\">\nPoliciais militares do 4\u00ba BPM e do 1\u00ba Batalh\u00e3o Integrado Especializado (BIEsp) prenderam, na manh\u00e3 desta quinta-feira (26), um homem e apreenderam um caminh\u00e3o roubado; outro ve\u00edculo usado no crime; uma pistola calibre 380; um bloqueador de sinal e quatro r\u00e1dios transmissores.<\/div>\n<div style=\"text-align: justify;\">\n<\/div>\n<div style=\"text-align: justify;\">\nAs equipes receberam informa\u00e7\u00f5es acerca do assalto ao caminh\u00e3o e os ve\u00edculos foram localizados atrav\u00e9s da central de videomonitoramento. Na BR 104, sentido Agrestina, os suspeitos n\u00e3o obedeceram a ordem de parada, e cada ve\u00edculo tomou um destino diferente.<\/div>\n<div style=\"text-align: justify;\">\n<\/div>\n<div style=\"text-align: justify;\">\nOs criminosos que estavam no ve\u00edculo Corolla foram interceptados pelo efetivo no bairro Agamenon Magalh\u00e3es, que ap\u00f3s trocas de tiros conseguiu det\u00ea-los. Dois suspeitos foram atingidos e socorridos para o Hospital Regional do Agreste, onde um n\u00e3o resistiu aos ferimento e morreu, j\u00e1 o outro de nome Alexsandro Pereira da Silva, de 26 anos, sobreviveu e foi medicado no Hospital Regional do Agreste.<\/div>\n<div style=\"text-align: justify;\">\n<\/div>\n<div style=\"text-align: justify;\">\nOutra equipe localizou o caminh\u00e3o e encontrou o motorista que estava no ve\u00edculo sendo feito de ref\u00e9m. Os suspeitos conseguiram fugir. A ocorr\u00eancia foi encaminhada \u00e0 Delegacia para as medidas legais cab\u00edveis ao caso.<\/div>\n","protected":false},"excerpt":{"rendered":"<p>Fotos: PMPE\/Divulga\u00e7\u00e3o Policiais militares do 4\u00ba BPM e do 1\u00ba Batalh\u00e3o Integrado Especializado (BIEsp) prenderam, na manh\u00e3 desta quinta-feira (26),&hellip;<\/p>\n","protected":false},"author":1,"featured_media":0,"comment_status":"open","ping_status":"open","sticky":false,"template":"","format":"standard","meta":{"footnotes":""},"categories":[1],"tags":[2,1710,13],"class_list":["post-1695","post","type-post","status-publish","format-standard","hentry","category-sem-categoria","tag-blog-do-edvaldo-magalhaes","tag-pmpe-resgata-refem-e-recupera-caminhao-com-carga-roubada-em-caruaru","tag-policial"],"_links":{"self":[{"href":"https:\/\/blogdoedvaldomagalhaes.com.br\/index.php\/wp-json\/wp\/v2\/posts\/1695","targetHints":{"allow":["GET"]}}],"collection":[{"href":"https:\/\/blogdoedvaldomagalhaes.com.br\/index.php\/wp-json\/wp\/v2\/posts"}],"about":[{"href":"https:\/\/blogdoedvaldomagalhaes.com.br\/index.php\/wp-json\/wp\/v2\/types\/post"}],"author":[{"embeddable":true,"href":"https:\/\/blogdoedvaldomagalhaes.com.br\/index.php\/wp-json\/wp\/v2\/users\/1"}],"replies":[{"embeddable":true,"href":"https:\/\/blogdoedvaldomagalhaes.com.br\/index.php\/wp-json\/wp\/v2\/comments?post=1695"}],"version-history":[{"count":1,"href":"https:\/\/blogdoedvaldomagalhaes.com.br\/index.php\/wp-json\/wp\/v2\/posts\/1695\/revisions"}],"predecessor-version":[{"id":33008,"href":"https:\/\/blogdoedvaldomagalhaes.com.br\/index.php\/wp-json\/wp\/v2\/posts\/1695\/revisions\/33008"}],"wp:attachment":[{"href":"https:\/\/blogdoedvaldomagalhaes.com.br\/index.php\/wp-json\/wp\/v2\/media?parent=1695"}],"wp:term":[{"taxonomy":"category","embeddable":true,"href":"https:\/\/blogdoedvaldomagalhaes.com.br\/index.php\/wp-json\/wp\/v2\/categories?post=1695"},{"taxonomy":"post_tag","embeddable":true,"href":"https:\/\/blogdoedvaldomagalhaes.com.br\/index.php\/wp-json\/wp\/v2\/tags?post=1695"}],"curies":[{"name":"wp","href":"https:\/\/api.w.org\/{rel}","templated":true}]}}