{"id":1694,"date":"2018-07-26T22:05:00","date_gmt":"2018-07-27T01:05:00","guid":{"rendered":"http:\/\/blogdoedvaldomagalhaes.com.br\/index.php\/2018\/07\/26\/tce-nega-pedido-da-empresa-bahia-para\/"},"modified":"2019-02-09T02:25:50","modified_gmt":"2019-02-09T04:25:50","slug":"tce-nega-pedido-da-empresa-bahia-para","status":"publish","type":"post","link":"https:\/\/blogdoedvaldomagalhaes.com.br\/index.php\/2018\/07\/26\/tce-nega-pedido-da-empresa-bahia-para\/","title":{"rendered":"TCE nega pedido da empresa Bahia para suspender opera\u00e7\u00e3o do novo sistema de transporte p\u00fablico de Caruaru"},"content":{"rendered":"<div class=\"separator\" style=\"clear: both; text-align: center;\">\n<a href=\"https:\/\/1.bp.blogspot.com\/-XaCmapZEgmw\/W1pFiRR47CI\/AAAAAAAA3GA\/sb5Lo-k9Phc6y-MWuyutTC09ODSyQAqgACLcBGAs\/s1600\/tce.jpg\" imageanchor=\"1\" style=\"margin-left: 1em; margin-right: 1em;\"><img loading=\"lazy\" decoding=\"async\" border=\"0\" data-original-height=\"314\" data-original-width=\"600\" height=\"330\" src=\"http:\/\/blogdoedvaldomagalhaes.com.br\/wp-content\/uploads\/2018\/07\/tce.jpg\" width=\"640\" \/><\/a><\/div>\n<div class=\"separator\" style=\"clear: both; text-align: center;\">\nImagem ilustrativa<\/div>\n<div style=\"text-align: justify;\">\n<\/div>\n<div style=\"text-align: justify;\">\nO Tribunal de Contas do Estado de Pernambuco (TCE- PE) indeferiu, nesta quarta-feira (25), a medida cautelar de n\u00famero: 1856635-2, ajuizada pela empresa Bahia, que tinha como objetivo a suspens\u00e3o do novo sistema de transporte p\u00fablico de passageiros de Caruaru.&nbsp;<\/div>\n<div style=\"text-align: justify;\">\n<\/div>\n<div style=\"text-align: justify;\">\nA decis\u00e3o foi do relator, em exerc\u00edcio, Jo\u00e3o Carneiro Campos. De acordo com o texto do documento \u201cConsiderando que as alega\u00e7\u00f5es da empresa Bahia Ltda EPP n\u00e3o se revelam aptas a demonstrar plaus\u00edveis jur\u00eddica para a cautela referia e, tampouco, representam risco ao er\u00e1rio ou de efic\u00e1cia de decis\u00e3o de m\u00e9rito\u201d julga-se indeferida a medida cautelar pleiteada pela empresa Bahia.&nbsp;<\/div>\n<div style=\"text-align: justify;\">\n<\/div>\n<div style=\"text-align: justify;\">\nCom a decis\u00e3o do TCE-PE , o novo sistema continua sendo realizado pelas empresas vencedoras da licita\u00e7\u00e3o.&nbsp;<\/div>\n<div style=\"text-align: justify;\">\n<\/div>\n","protected":false},"excerpt":{"rendered":"<p>Imagem ilustrativa O Tribunal de Contas do Estado de Pernambuco (TCE- PE) indeferiu, nesta quarta-feira (25), a medida cautelar de&hellip;<\/p>\n","protected":false},"author":1,"featured_media":0,"comment_status":"open","ping_status":"open","sticky":false,"template":"","format":"standard","meta":{"footnotes":""},"categories":[1],"tags":[2,6,1709],"class_list":["post-1694","post","type-post","status-publish","format-standard","hentry","category-sem-categoria","tag-blog-do-edvaldo-magalhaes","tag-noticias","tag-tce-nega-pedido-da-empresa-bahia-para-suspender-operacao-do-novo-sistema-de-transporte-publico-de-caruaru"],"_links":{"self":[{"href":"https:\/\/blogdoedvaldomagalhaes.com.br\/index.php\/wp-json\/wp\/v2\/posts\/1694","targetHints":{"allow":["GET"]}}],"collection":[{"href":"https:\/\/blogdoedvaldomagalhaes.com.br\/index.php\/wp-json\/wp\/v2\/posts"}],"about":[{"href":"https:\/\/blogdoedvaldomagalhaes.com.br\/index.php\/wp-json\/wp\/v2\/types\/post"}],"author":[{"embeddable":true,"href":"https:\/\/blogdoedvaldomagalhaes.com.br\/index.php\/wp-json\/wp\/v2\/users\/1"}],"replies":[{"embeddable":true,"href":"https:\/\/blogdoedvaldomagalhaes.com.br\/index.php\/wp-json\/wp\/v2\/comments?post=1694"}],"version-history":[{"count":1,"href":"https:\/\/blogdoedvaldomagalhaes.com.br\/index.php\/wp-json\/wp\/v2\/posts\/1694\/revisions"}],"predecessor-version":[{"id":33010,"href":"https:\/\/blogdoedvaldomagalhaes.com.br\/index.php\/wp-json\/wp\/v2\/posts\/1694\/revisions\/33010"}],"wp:attachment":[{"href":"https:\/\/blogdoedvaldomagalhaes.com.br\/index.php\/wp-json\/wp\/v2\/media?parent=1694"}],"wp:term":[{"taxonomy":"category","embeddable":true,"href":"https:\/\/blogdoedvaldomagalhaes.com.br\/index.php\/wp-json\/wp\/v2\/categories?post=1694"},{"taxonomy":"post_tag","embeddable":true,"href":"https:\/\/blogdoedvaldomagalhaes.com.br\/index.php\/wp-json\/wp\/v2\/tags?post=1694"}],"curies":[{"name":"wp","href":"https:\/\/api.w.org\/{rel}","templated":true}]}}