{"id":1693,"date":"2018-07-26T22:10:00","date_gmt":"2018-07-27T01:10:00","guid":{"rendered":"http:\/\/blogdoedvaldomagalhaes.com.br\/index.php\/2018\/07\/26\/governo-de-pernambuco-aciona-corte\/"},"modified":"2019-02-09T02:25:51","modified_gmt":"2019-02-09T04:25:51","slug":"governo-de-pernambuco-aciona-corte","status":"publish","type":"post","link":"https:\/\/blogdoedvaldomagalhaes.com.br\/index.php\/2018\/07\/26\/governo-de-pernambuco-aciona-corte\/","title":{"rendered":"Governo de Pernambuco aciona a Corte Interamericana de Direitos Humanos no caso Rayn\u00e9ia"},"content":{"rendered":"<div style=\"text-align: justify;\">\n<div class=\"separator\" style=\"clear: both; text-align: center;\">\n<a href=\"https:\/\/4.bp.blogspot.com\/-7yX0XWUmSlM\/W1pGXO40B5I\/AAAAAAAA3GI\/toeP1u4YYPU9Qeov8YOIOB1yHGs-UkYpACLcBGAs\/s1600\/fopto.jpg\" imageanchor=\"1\" style=\"margin-left: 1em; margin-right: 1em;\"><img loading=\"lazy\" decoding=\"async\" border=\"0\" data-original-height=\"512\" data-original-width=\"768\" height=\"426\" src=\"http:\/\/blogdoedvaldomagalhaes.com.br\/wp-content\/uploads\/2018\/07\/fopto.jpg\" width=\"640\" \/><\/a><\/div>\n<p>\nO Governo de Pernambuco, por meio da Secretaria de Justi\u00e7a e Direitos Humanos (SJDH), encaminhar\u00e1 ao Minist\u00e9rio das Rela\u00e7\u00f5es Exteriores (MRE) uma representa\u00e7\u00e3o solicitando \u00e0 Corte Interamericana de Direitos Humanos (CIDH) a ado\u00e7\u00e3o de medidas urgentes no caso da estudante Rayn\u00e9ia Gabrielle Lima, de 30 anos, assassinada na \u00faltima segunda-feira (23\/07), na cidade de Man\u00e1gua, capital da Nicar\u00e1gua. A representa\u00e7\u00e3o pede que se formulem recomenda\u00e7\u00f5es ao governo nicaraguense para que se apure as circunst\u00e2ncias em que a pernambucana foi morta. As informa\u00e7\u00f5es foram concedidas pelo secret\u00e1rio de Justi\u00e7a e Direitos Humanos, Pedro Eurico, na tarde desta quinta-feira (26\/07), durante coletiva de imprensa realizada na sede do \u00f3rg\u00e3o, no bairro do Recife.<\/div>\n<div style=\"text-align: justify;\">\n<\/div>\n<div style=\"text-align: justify;\">\n&nbsp;\u201cOptamos pela medida diante da presun\u00e7\u00e3o do homic\u00eddio ter sido de natureza pol\u00edtica. N\u00e3o \u00e9 poss\u00edvel que essa menina seja assassinada, metralhada e n\u00e3o se chegue a nenhuma conclus\u00e3o. Isso \u00e9 uma amea\u00e7a aos Direitos Humanos. \u00c9 uma amea\u00e7a, inclusive, a Conven\u00e7\u00e3o de San Jos\u00e9 da Costa Rica, que estabelece a declara\u00e7\u00e3o de Direitos Humanos na Am\u00e9rica Latina\u201d pontua o secret\u00e1rio.<\/div>\n<div style=\"text-align: justify;\">\n<\/div>\n<div style=\"text-align: justify;\">\nNa representa\u00e7\u00e3o, o Governo de Pernambuco pede prioridade na an\u00e1lise da notifica\u00e7\u00e3o, tendo em vista que se trata de uma situa\u00e7\u00e3o com forte impacto no gozo dos Direitos Humanos. O pa\u00eds da Nicar\u00e1gua \u00e9 membro da Organiza\u00e7\u00e3o dos Estados Americanos (OEA) e, por esse motivo, poder\u00e1 ser notificada e ter\u00e1 que prestar esclarecimentos \u00e0 Corte. O prazo m\u00e1ximo dado pela CIDH para in\u00edcio do procedimento \u00e9 de 90 dias. \u201cTrata-se de um caso de ampla repercuss\u00e3o internacional e de um pa\u00eds em extrema instabilidade pol\u00edtica e institucional. Certamente o encaminhamento dessa apura\u00e7\u00e3o ser\u00e1 r\u00e1pido\u201d assegura Eurico.<\/div>\n<div style=\"text-align: justify;\">\n<\/div>\n<div style=\"text-align: justify;\">\nO corpo da estudante de medicina j\u00e1 foi liberado pelo Instituto M\u00e9dico Legal (IML) local. A libera\u00e7\u00e3o foi provis\u00f3ria, ainda sem o atestado de \u00f3bito, e ainda n\u00e3o h\u00e1 data prevista para a chegada do corpo ao Recife. Ainda de acordo com o secret\u00e1rio, por decis\u00e3o do governador Paulo C\u00e2mara, o Estado ir\u00e1 assumir integralmente os custos do translado da pernambucana. \u201cJ\u00e1 entramos em contato com a \u00fanica casa funer\u00e1ria que presta o servi\u00e7o de repatria\u00e7\u00e3o e embalsamamento em Man\u00e1gua e com a companhia a\u00e9rea que ir\u00e1 realizar o deslocamento do corpo. O nosso desejo \u00e9 que Rayn\u00e9ia seja sepultada o quanto antes, perto da sua fam\u00edlia\u201d completou.<\/div>\n<div style=\"text-align: justify;\">\n<\/div>\n<p><\/p>\n<div style=\"text-align: justify;\">\n<\/div>\n<p><\/p>\n<div style=\"-webkit-text-stroke-width: 0px; color: black; font-family: &quot;Times New Roman&quot;; font-size: medium; font-style: normal; font-variant-caps: normal; font-variant-ligatures: normal; font-weight: 400; letter-spacing: normal; orphans: 2; text-align: justify; text-decoration-color: initial; text-decoration-style: initial; text-indent: 0px; text-transform: none; white-space: normal; widows: 2; word-spacing: 0px;\">\n<div style=\"margin: 0px;\">\n<\/div>\n<\/div>\n","protected":false},"excerpt":{"rendered":"<p>O Governo de Pernambuco, por meio da Secretaria de Justi\u00e7a e Direitos Humanos (SJDH), encaminhar\u00e1 ao Minist\u00e9rio das Rela\u00e7\u00f5es Exteriores&hellip;<\/p>\n","protected":false},"author":1,"featured_media":0,"comment_status":"open","ping_status":"open","sticky":false,"template":"","format":"standard","meta":{"footnotes":""},"categories":[1],"tags":[2,1708,20],"class_list":["post-1693","post","type-post","status-publish","format-standard","hentry","category-sem-categoria","tag-blog-do-edvaldo-magalhaes","tag-governo-de-pernambuco-aciona-a-corte-interamericana-de-direitos-humanos-no-caso-rayneia","tag-politica"],"_links":{"self":[{"href":"https:\/\/blogdoedvaldomagalhaes.com.br\/index.php\/wp-json\/wp\/v2\/posts\/1693","targetHints":{"allow":["GET"]}}],"collection":[{"href":"https:\/\/blogdoedvaldomagalhaes.com.br\/index.php\/wp-json\/wp\/v2\/posts"}],"about":[{"href":"https:\/\/blogdoedvaldomagalhaes.com.br\/index.php\/wp-json\/wp\/v2\/types\/post"}],"author":[{"embeddable":true,"href":"https:\/\/blogdoedvaldomagalhaes.com.br\/index.php\/wp-json\/wp\/v2\/users\/1"}],"replies":[{"embeddable":true,"href":"https:\/\/blogdoedvaldomagalhaes.com.br\/index.php\/wp-json\/wp\/v2\/comments?post=1693"}],"version-history":[{"count":1,"href":"https:\/\/blogdoedvaldomagalhaes.com.br\/index.php\/wp-json\/wp\/v2\/posts\/1693\/revisions"}],"predecessor-version":[{"id":33012,"href":"https:\/\/blogdoedvaldomagalhaes.com.br\/index.php\/wp-json\/wp\/v2\/posts\/1693\/revisions\/33012"}],"wp:attachment":[{"href":"https:\/\/blogdoedvaldomagalhaes.com.br\/index.php\/wp-json\/wp\/v2\/media?parent=1693"}],"wp:term":[{"taxonomy":"category","embeddable":true,"href":"https:\/\/blogdoedvaldomagalhaes.com.br\/index.php\/wp-json\/wp\/v2\/categories?post=1693"},{"taxonomy":"post_tag","embeddable":true,"href":"https:\/\/blogdoedvaldomagalhaes.com.br\/index.php\/wp-json\/wp\/v2\/tags?post=1693"}],"curies":[{"name":"wp","href":"https:\/\/api.w.org\/{rel}","templated":true}]}}