{"id":1692,"date":"2018-07-26T23:19:00","date_gmt":"2018-07-27T02:19:00","guid":{"rendered":"http:\/\/blogdoedvaldomagalhaes.com.br\/index.php\/2018\/07\/26\/homem-assassinado-faca-no-centro-de\/"},"modified":"2019-02-09T02:25:52","modified_gmt":"2019-02-09T04:25:52","slug":"homem-assassinado-faca-no-centro-de","status":"publish","type":"post","link":"https:\/\/blogdoedvaldomagalhaes.com.br\/index.php\/2018\/07\/26\/homem-assassinado-faca-no-centro-de\/","title":{"rendered":"Homem assassinado \u00e0 faca no centro de Caruaru"},"content":{"rendered":"<div class=\"separator\" style=\"clear: both; text-align: center;\">\n<a href=\"https:\/\/3.bp.blogspot.com\/-XnWhsIE9hJs\/W1pfyDfWhcI\/AAAAAAAA3Gg\/4S1VQCaOHxMpJF3rfvO6ip9Uu4WWK4EtQCLcBGAs\/s1600\/Foto.jpg\" imageanchor=\"1\" style=\"margin-left: 1em; margin-right: 1em;\"><img loading=\"lazy\" decoding=\"async\" border=\"0\" data-original-height=\"581\" data-original-width=\"1032\" height=\"360\" src=\"http:\/\/blogdoedvaldomagalhaes.com.br\/wp-content\/uploads\/2018\/07\/Foto.jpg\" width=\"640\" \/><\/a><\/div>\n<p><\/p>\n<div style=\"text-align: justify;\">\nO ambulante Jardiel Melo de Souza, 32 anos, residente na rua D\u00e1rio da Silva, no bairro Salgado, foi assassinado \u00e0 faca na rua 15 de novembro, no centro de Caruaru, na noite desta quinta-feira (26). Segundo um irm\u00e3o da v\u00edtima,&nbsp;&nbsp;houve uma discuss\u00e3o com outro ambulante conhecido por Edilson, suspeito de cometer o crime e que est\u00e1 foragido. O corpo foi encaminhado para o IML de Caruaru.<\/p>\n<div style=\"background-color: white; box-sizing: border-box; font-family: Lato, sans-serif; font-size: 13px; line-height: 24px; margin-bottom: 10px;\">\n<\/div>\n<div class=\"sharedaddy sd-sharing-enabled\" style=\"background-color: white; box-sizing: border-box; clear: both; color: #333333; font-family: Lato, sans-serif; font-size: 14px; text-align: start;\">\n<\/div>\n<div class=\"separator\" style=\"clear: both; text-align: center;\">\n<a href=\"https:\/\/3.bp.blogspot.com\/-smQX3qRcYho\/W1pjn_pt6dI\/AAAAAAAA3Hs\/-22UD7WIqbsMLFw3ICfoxELNcGWc-pmOACLcBGAs\/s1600\/20180726_204112.jpg\" imageanchor=\"1\" style=\"margin-left: 1em; margin-right: 1em;\"><img loading=\"lazy\" decoding=\"async\" border=\"0\" data-original-height=\"900\" data-original-width=\"1600\" height=\"360\" src=\"http:\/\/blogdoedvaldomagalhaes.com.br\/wp-content\/uploads\/2018\/07\/20180726_204112.jpg\" width=\"640\" \/><\/a><\/div>\n<p><\/p>\n<div class=\"separator\" style=\"clear: both; text-align: center;\">\n<a href=\"https:\/\/1.bp.blogspot.com\/-hbAPqmssq9k\/W1pjvm46bmI\/AAAAAAAA3Hw\/fZtUt5srNokgWSXIW7IsQi7Og-pwcRV1ACLcBGAs\/s1600\/20180726_205359.jpg\" imageanchor=\"1\" style=\"margin-left: 1em; margin-right: 1em;\"><img loading=\"lazy\" decoding=\"async\" border=\"0\" data-original-height=\"900\" data-original-width=\"1600\" height=\"360\" src=\"http:\/\/blogdoedvaldomagalhaes.com.br\/wp-content\/uploads\/2018\/07\/20180726_205359.jpg\" width=\"640\" \/><\/a><\/div>\n<div class=\"separator\" style=\"clear: both; text-align: center;\">\n<\/div>\n<div class=\"separator\" style=\"clear: both; text-align: center;\">\n<a href=\"https:\/\/3.bp.blogspot.com\/-GLF1hRSPyR8\/W1pmSZJrdKI\/AAAAAAAA3IQ\/MWqWF_3Xy9cdNdLQJFEvUQt4s033CZ_7QCLcBGAs\/s1600\/IMG-20180726-WA0270.jpg\" imageanchor=\"1\" style=\"margin-left: 1em; margin-right: 1em;\"><img loading=\"lazy\" decoding=\"async\" border=\"0\" data-original-height=\"1280\" data-original-width=\"960\" height=\"640\" src=\"http:\/\/blogdoedvaldomagalhaes.com.br\/wp-content\/uploads\/2018\/07\/IMG-20180726-WA0270.jpg\" width=\"480\" \/><\/a><\/div>\n<div class=\"separator\" style=\"clear: both; text-align: center;\">\nJardel Melo de Souza<\/div>\n<p>Este foi o 18\u00ba homic\u00eddio no m\u00eas de julho e o 109\u00ba do ano em Caruaru.<\/div>\n","protected":false},"excerpt":{"rendered":"<p>O ambulante Jardiel Melo de Souza, 32 anos, residente na rua D\u00e1rio da Silva, no bairro Salgado, foi assassinado \u00e0&hellip;<\/p>\n","protected":false},"author":1,"featured_media":0,"comment_status":"open","ping_status":"open","sticky":false,"template":"","format":"standard","meta":{"footnotes":""},"categories":[1],"tags":[2,1707,13],"class_list":["post-1692","post","type-post","status-publish","format-standard","hentry","category-sem-categoria","tag-blog-do-edvaldo-magalhaes","tag-homem-assassinado-a-faca-no-centro-de-caruaru","tag-policial"],"_links":{"self":[{"href":"https:\/\/blogdoedvaldomagalhaes.com.br\/index.php\/wp-json\/wp\/v2\/posts\/1692","targetHints":{"allow":["GET"]}}],"collection":[{"href":"https:\/\/blogdoedvaldomagalhaes.com.br\/index.php\/wp-json\/wp\/v2\/posts"}],"about":[{"href":"https:\/\/blogdoedvaldomagalhaes.com.br\/index.php\/wp-json\/wp\/v2\/types\/post"}],"author":[{"embeddable":true,"href":"https:\/\/blogdoedvaldomagalhaes.com.br\/index.php\/wp-json\/wp\/v2\/users\/1"}],"replies":[{"embeddable":true,"href":"https:\/\/blogdoedvaldomagalhaes.com.br\/index.php\/wp-json\/wp\/v2\/comments?post=1692"}],"version-history":[{"count":1,"href":"https:\/\/blogdoedvaldomagalhaes.com.br\/index.php\/wp-json\/wp\/v2\/posts\/1692\/revisions"}],"predecessor-version":[{"id":33017,"href":"https:\/\/blogdoedvaldomagalhaes.com.br\/index.php\/wp-json\/wp\/v2\/posts\/1692\/revisions\/33017"}],"wp:attachment":[{"href":"https:\/\/blogdoedvaldomagalhaes.com.br\/index.php\/wp-json\/wp\/v2\/media?parent=1692"}],"wp:term":[{"taxonomy":"category","embeddable":true,"href":"https:\/\/blogdoedvaldomagalhaes.com.br\/index.php\/wp-json\/wp\/v2\/categories?post=1692"},{"taxonomy":"post_tag","embeddable":true,"href":"https:\/\/blogdoedvaldomagalhaes.com.br\/index.php\/wp-json\/wp\/v2\/tags?post=1692"}],"curies":[{"name":"wp","href":"https:\/\/api.w.org\/{rel}","templated":true}]}}