{"id":1691,"date":"2018-07-27T00:56:00","date_gmt":"2018-07-27T03:56:00","guid":{"rendered":"http:\/\/blogdoedvaldomagalhaes.com.br\/index.php\/2018\/07\/27\/policia-civil-prende-homem-envolvido-na\/"},"modified":"2019-02-09T02:25:52","modified_gmt":"2019-02-09T04:25:52","slug":"policia-civil-prende-homem-envolvido-na","status":"publish","type":"post","link":"https:\/\/blogdoedvaldomagalhaes.com.br\/index.php\/2018\/07\/27\/policia-civil-prende-homem-envolvido-na\/","title":{"rendered":"Pol\u00edcia Civil prende homem envolvido na tentativa de assalto que terminou com explos\u00e3o de caminh\u00e3o na BR-232"},"content":{"rendered":"<div class=\"separator\" style=\"clear: both; text-align: center;\">\n<a href=\"https:\/\/4.bp.blogspot.com\/-GBAAcAyVIGI\/W1ptjrSQT6I\/AAAAAAAA3Ic\/JHyEx8u90OcT0aenPptgz4Nb0kUT4tiewCLcBGAs\/s1600\/carro.jpg\" imageanchor=\"1\" style=\"margin-left: 1em; margin-right: 1em;\"><img loading=\"lazy\" decoding=\"async\" border=\"0\" data-original-height=\"576\" data-original-width=\"1024\" height=\"354\" src=\"http:\/\/blogdoedvaldomagalhaes.com.br\/wp-content\/uploads\/2018\/07\/carro-2.jpg\" width=\"640\" \/><\/a><\/div>\n<div class=\"separator\" style=\"clear: both; text-align: center;\">\nFoto: Reprodu\u00e7\u00e3o\/WhatsApp<\/div>\n<p><\/p>\n<div style=\"background-color: white; box-sizing: border-box; line-height: 24px; margin-bottom: 10px; text-align: justify;\">\nA Pol\u00edcia Civil prendeu nesta quinta-feira (26), um dos envolvidos na tentativa de assalto a um caminh\u00e3o-tanque que aconteceu na BR-232, em Gravat\u00e1, na \u00faltima ter\u00e7a-feira (24). Edglibson Carlos Lopes da Silva, 23 anos, foi preso em uma resid\u00eancia em Cajueiro Seco, Jaboat\u00e3o dos Guararapes. A a\u00e7\u00e3o criminosa provocou um acidente que deixou duas pessoas mortas.<\/div>\n<div style=\"background-color: white; box-sizing: border-box; line-height: 24px; margin-bottom: 10px; text-align: justify;\">\nDe acordo com o delegado respons\u00e1vel pela investiga\u00e7\u00e3o, \u00c1lvaro Grako, muni\u00e7\u00f5es e uma pistola ponto 40 carbonizada foram encontradas no local, o que levantou a suspeita de que o caso n\u00e3o se tratava de um simples acidente.<\/div>\n<div style=\"background-color: white; box-sizing: border-box; line-height: 24px; margin-bottom: 10px; text-align: justify;\">\nSegundo a Pol\u00edcia, o ve\u00edculo de passeio onde estavam os criminosos tentou ultrapassar o caminh\u00e3o, quando bateu na lateral. Os dois ve\u00edculos pegaram fogo. O caminh\u00e3o estava carregado com Diesel. Uma moto que vinha atr\u00e1s dos ve\u00edculos n\u00e3o conseguiu desviar do acidente, deixando feridos o condutor Iriston Heleno de Ara\u00fajo e a passageira Joelma Maria da Cruz.<\/div>\n<p><\/p>\n<div style=\"background-color: white; box-sizing: border-box; line-height: 24px; margin-bottom: 10px; text-align: justify;\">\n<\/div>\n<div class=\"sharedaddy sd-sharing-enabled\" style=\"background-color: white; box-sizing: border-box; clear: both;\">\n<\/div>\n<p><\/p>\n<div style=\"-webkit-text-stroke-width: 0px; background-color: white; box-sizing: border-box; font-style: normal; font-variant-caps: normal; font-variant-ligatures: normal; font-weight: 400; letter-spacing: normal; line-height: 24px; margin: 0px 0px 10px; orphans: 2; text-align: justify; text-decoration-color: initial; text-decoration-style: initial; text-indent: 0px; text-transform: none; white-space: normal; widows: 2; word-spacing: 0px;\">\nO motorista do caminh\u00e3o Edmilson Luiz Aquino, 43 anos, e um dos envolvidos no crime, identificado como Elton, morreram. Um segundo assaltante, Hallan Gabriel Bernardes da Silva, 27 anos, ficou ferido e foi socorrido para o Hospital da Restaura\u00e7\u00e3o, no Recife. O condutor da moto est\u00e1 internado em estado grave na Unidade de Terapia Intensiva (UTI) do Hospital Ot\u00e1vio de Freitas. J\u00e1 a passageira, Joelma, sofreu apenas ferimentos leves e j\u00e1 recebeu alta.<\/div>\n","protected":false},"excerpt":{"rendered":"<p>Foto: Reprodu\u00e7\u00e3o\/WhatsApp A Pol\u00edcia Civil prendeu nesta quinta-feira (26), um dos envolvidos na tentativa de assalto a um caminh\u00e3o-tanque que&hellip;<\/p>\n","protected":false},"author":1,"featured_media":0,"comment_status":"open","ping_status":"open","sticky":false,"template":"","format":"standard","meta":{"footnotes":""},"categories":[1],"tags":[2,1706,13],"class_list":["post-1691","post","type-post","status-publish","format-standard","hentry","category-sem-categoria","tag-blog-do-edvaldo-magalhaes","tag-policia-civil-prende-homem-envolvido-na-tentativa-de-assalto-que-terminou-com-explosao-de-caminhao-na-br-232","tag-policial"],"_links":{"self":[{"href":"https:\/\/blogdoedvaldomagalhaes.com.br\/index.php\/wp-json\/wp\/v2\/posts\/1691","targetHints":{"allow":["GET"]}}],"collection":[{"href":"https:\/\/blogdoedvaldomagalhaes.com.br\/index.php\/wp-json\/wp\/v2\/posts"}],"about":[{"href":"https:\/\/blogdoedvaldomagalhaes.com.br\/index.php\/wp-json\/wp\/v2\/types\/post"}],"author":[{"embeddable":true,"href":"https:\/\/blogdoedvaldomagalhaes.com.br\/index.php\/wp-json\/wp\/v2\/users\/1"}],"replies":[{"embeddable":true,"href":"https:\/\/blogdoedvaldomagalhaes.com.br\/index.php\/wp-json\/wp\/v2\/comments?post=1691"}],"version-history":[{"count":1,"href":"https:\/\/blogdoedvaldomagalhaes.com.br\/index.php\/wp-json\/wp\/v2\/posts\/1691\/revisions"}],"predecessor-version":[{"id":33019,"href":"https:\/\/blogdoedvaldomagalhaes.com.br\/index.php\/wp-json\/wp\/v2\/posts\/1691\/revisions\/33019"}],"wp:attachment":[{"href":"https:\/\/blogdoedvaldomagalhaes.com.br\/index.php\/wp-json\/wp\/v2\/media?parent=1691"}],"wp:term":[{"taxonomy":"category","embeddable":true,"href":"https:\/\/blogdoedvaldomagalhaes.com.br\/index.php\/wp-json\/wp\/v2\/categories?post=1691"},{"taxonomy":"post_tag","embeddable":true,"href":"https:\/\/blogdoedvaldomagalhaes.com.br\/index.php\/wp-json\/wp\/v2\/tags?post=1691"}],"curies":[{"name":"wp","href":"https:\/\/api.w.org\/{rel}","templated":true}]}}