{"id":1690,"date":"2018-07-27T01:32:00","date_gmt":"2018-07-27T04:32:00","guid":{"rendered":"http:\/\/blogdoedvaldomagalhaes.com.br\/index.php\/2018\/07\/27\/terceiro-homicidio-em-caruaru-nesta_26\/"},"modified":"2019-02-09T02:25:53","modified_gmt":"2019-02-09T04:25:53","slug":"terceiro-homicidio-em-caruaru-nesta_26","status":"publish","type":"post","link":"https:\/\/blogdoedvaldomagalhaes.com.br\/index.php\/2018\/07\/27\/terceiro-homicidio-em-caruaru-nesta_26\/","title":{"rendered":"Terceiro homic\u00eddio em Caruaru nesta quinta-feira (26)"},"content":{"rendered":"<div class=\"separator\" style=\"clear: both; text-align: center;\">\n<a href=\"https:\/\/4.bp.blogspot.com\/-x9rOuuyItrQ\/W1p1_2Y-Q8I\/AAAAAAAA3Io\/uRr-MZBVNswUCkhMtPJJVrDJQrmxfN_ywCLcBGAs\/s1600\/homicido.jpg\" imageanchor=\"1\" style=\"margin-left: 1em; margin-right: 1em;\"><img loading=\"lazy\" decoding=\"async\" border=\"0\" data-original-height=\"353\" data-original-width=\"600\" height=\"372\" src=\"http:\/\/blogdoedvaldomagalhaes.com.br\/wp-content\/uploads\/2018\/07\/homicido.jpg\" width=\"640\" \/><\/a><\/div>\n<div class=\"separator\" style=\"clear: both; text-align: center;\">\nImagem ilustrativa<\/div>\n<div style=\"text-align: justify;\">\nO terceiro homic\u00eddio registrado nesta quinta-feira (26), foi registrado no s\u00edtio Lagoa Rosada, na zona rural de Caruaru. A v\u00edtima foi o ex-presidi\u00e1rio Jos\u00e9 Joselito dos Santos Martins (vulgo Trouxa), de 25 anos de idade. Segundo informa\u00e7\u00f5es da pol\u00edcia, o ex-presidi\u00e1rio estava com mais dois comparsas, cometendo assaltos no local, v\u00e1rios moradores se juntaram e cercaram os tr\u00eas acusados, que entraram em uma resid\u00eancia e fizeram uma fam\u00edlia ref\u00e9m para escapar da f\u00faria dos populares, por\u00e9m, o &#8220;Trouxa&#8221; levou dois tiros, sendo um na cabe\u00e7a e um no t\u00f3rax, e foi socorrido para uma unidade hospitalar de Toritama, mas n\u00e3o suportou a gravidade dos ferimentos e morreu, j\u00e1 os outros dois acusados fugiram.<\/p>\n<p>Este foi o 19\u00ba homic\u00eddio no m\u00eas de julho e o 110\u00ba no ano em Caruaru.<\/p><\/div>\n","protected":false},"excerpt":{"rendered":"<p>Imagem ilustrativa O terceiro homic\u00eddio registrado nesta quinta-feira (26), foi registrado no s\u00edtio Lagoa Rosada, na zona rural de Caruaru.&hellip;<\/p>\n","protected":false},"author":1,"featured_media":0,"comment_status":"open","ping_status":"open","sticky":false,"template":"","format":"standard","meta":{"footnotes":""},"categories":[1],"tags":[2,13,1705],"class_list":["post-1690","post","type-post","status-publish","format-standard","hentry","category-sem-categoria","tag-blog-do-edvaldo-magalhaes","tag-policial","tag-terceiro-homicidio-em-caruaru-nesta-quinta-feira-26"],"_links":{"self":[{"href":"https:\/\/blogdoedvaldomagalhaes.com.br\/index.php\/wp-json\/wp\/v2\/posts\/1690","targetHints":{"allow":["GET"]}}],"collection":[{"href":"https:\/\/blogdoedvaldomagalhaes.com.br\/index.php\/wp-json\/wp\/v2\/posts"}],"about":[{"href":"https:\/\/blogdoedvaldomagalhaes.com.br\/index.php\/wp-json\/wp\/v2\/types\/post"}],"author":[{"embeddable":true,"href":"https:\/\/blogdoedvaldomagalhaes.com.br\/index.php\/wp-json\/wp\/v2\/users\/1"}],"replies":[{"embeddable":true,"href":"https:\/\/blogdoedvaldomagalhaes.com.br\/index.php\/wp-json\/wp\/v2\/comments?post=1690"}],"version-history":[{"count":1,"href":"https:\/\/blogdoedvaldomagalhaes.com.br\/index.php\/wp-json\/wp\/v2\/posts\/1690\/revisions"}],"predecessor-version":[{"id":33021,"href":"https:\/\/blogdoedvaldomagalhaes.com.br\/index.php\/wp-json\/wp\/v2\/posts\/1690\/revisions\/33021"}],"wp:attachment":[{"href":"https:\/\/blogdoedvaldomagalhaes.com.br\/index.php\/wp-json\/wp\/v2\/media?parent=1690"}],"wp:term":[{"taxonomy":"category","embeddable":true,"href":"https:\/\/blogdoedvaldomagalhaes.com.br\/index.php\/wp-json\/wp\/v2\/categories?post=1690"},{"taxonomy":"post_tag","embeddable":true,"href":"https:\/\/blogdoedvaldomagalhaes.com.br\/index.php\/wp-json\/wp\/v2\/tags?post=1690"}],"curies":[{"name":"wp","href":"https:\/\/api.w.org\/{rel}","templated":true}]}}