{"id":1685,"date":"2018-07-27T11:46:00","date_gmt":"2018-07-27T14:46:00","guid":{"rendered":"http:\/\/blogdoedvaldomagalhaes.com.br\/index.php\/2018\/07\/27\/pm-prende-homem-e-apreende-arma-de-fogo\/"},"modified":"2019-02-09T02:25:58","modified_gmt":"2019-02-09T04:25:58","slug":"pm-prende-homem-e-apreende-arma-de-fogo","status":"publish","type":"post","link":"https:\/\/blogdoedvaldomagalhaes.com.br\/index.php\/2018\/07\/27\/pm-prende-homem-e-apreende-arma-de-fogo\/","title":{"rendered":"PM prende homem e apreende arma de fogo em S\u00e3o Caitano"},"content":{"rendered":"<div class=\"separator\" style=\"clear: both; text-align: center;\">\n<a href=\"https:\/\/1.bp.blogspot.com\/-evQghRDxUUQ\/W1sFSdrZ2fI\/AAAAAAAA3Jw\/jnOofSMyJd82W6hEvDSnqu5-LC5n2gFUgCLcBGAs\/s1600\/IMG-20180727-WA0012.jpg\" imageanchor=\"1\" style=\"margin-left: 1em; margin-right: 1em;\"><img loading=\"lazy\" decoding=\"async\" border=\"0\" data-original-height=\"1280\" data-original-width=\"960\" height=\"640\" src=\"http:\/\/blogdoedvaldomagalhaes.com.br\/wp-content\/uploads\/2018\/07\/IMG-20180727-WA0012.jpg\" width=\"480\" \/><\/a><\/div>\n<div class=\"separator\" style=\"clear: both; text-align: center;\">\n<\/div>\n<div class=\"separator\" style=\"clear: both; text-align: justify;\">\n Na noite de ontem (26), por volta das 21h, um homem de 27 anos foi preso e uma arma apreendida em S\u00e3o Caetano, no agreste pernambucano.<\/div>\n<div class=\"separator\" style=\"clear: both; text-align: justify;\">\nUma equipe do 15\u00ba Batalh\u00e3o seguiu para a BR 423 para realizar um bloqueio na estrada ap\u00f3s receber informa\u00e7\u00f5es que um autom\u00f3vel HB20, roubado em Lajedo, teria seguido para o local. &nbsp;Ao visualizar o policiamento, &nbsp;o condutor do ve\u00edculo tentou fugir, atirando contra os militares, que revidaram a injusta agress\u00e3o e iniciaram acompanhamento. O suspeito acabou perdendo o controle do carro, que colidiu. Em seguida, o acusado iniciou fuga a p\u00e9, tentando se esconder nos telhados das resid\u00eancias, sendo localizado e preso. Com ele foram apreendidos 1 rev\u00f3lver calibre 38, com 4 muni\u00e7\u00f5es intactas e 2 deflagradas; 5 celulares; 1 \u00f3culos de sol; R$ 82,00 em esp\u00e9cie; 8 suportes para \u00e1gua; &nbsp;248 fogos diversos; 1 m\u00e1quina lava jato e um ve\u00edculo HB20.<\/div>\n<div class=\"separator\" style=\"clear: both; text-align: justify;\">\nO acusado e os materiais apreendidos foram conduzidos para a Delegacia Policial de Plant\u00e3o de Belo Jardim, para serem adotadas as medidas cab\u00edveis.<\/div>\n<div style=\"text-align: justify;\">\n<\/div>\n<div class=\"separator\" style=\"clear: both; text-align: center;\">\n<a href=\"https:\/\/4.bp.blogspot.com\/-hUOpozxJD7c\/W1sFUpNuwkI\/AAAAAAAA3J0\/NwHq-6MZwnga3WxZmQfWLxmcCnFvf4i_wCLcBGAs\/s1600\/IMG-20180727-WA0013.jpg\" imageanchor=\"1\" style=\"margin-left: 1em; margin-right: 1em;\"><img loading=\"lazy\" decoding=\"async\" border=\"0\" data-original-height=\"1280\" data-original-width=\"960\" height=\"640\" src=\"http:\/\/blogdoedvaldomagalhaes.com.br\/wp-content\/uploads\/2018\/07\/IMG-20180727-WA0013.jpg\" width=\"480\" \/><\/a><\/div>\n<p><\/p>\n","protected":false},"excerpt":{"rendered":"<p>Na noite de ontem (26), por volta das 21h, um homem de 27 anos foi preso e uma arma apreendida&hellip;<\/p>\n","protected":false},"author":1,"featured_media":0,"comment_status":"open","ping_status":"open","sticky":false,"template":"","format":"standard","meta":{"footnotes":""},"categories":[1],"tags":[2,13],"class_list":["post-1685","post","type-post","status-publish","format-standard","hentry","category-sem-categoria","tag-blog-do-edvaldo-magalhaes","tag-policial"],"_links":{"self":[{"href":"https:\/\/blogdoedvaldomagalhaes.com.br\/index.php\/wp-json\/wp\/v2\/posts\/1685","targetHints":{"allow":["GET"]}}],"collection":[{"href":"https:\/\/blogdoedvaldomagalhaes.com.br\/index.php\/wp-json\/wp\/v2\/posts"}],"about":[{"href":"https:\/\/blogdoedvaldomagalhaes.com.br\/index.php\/wp-json\/wp\/v2\/types\/post"}],"author":[{"embeddable":true,"href":"https:\/\/blogdoedvaldomagalhaes.com.br\/index.php\/wp-json\/wp\/v2\/users\/1"}],"replies":[{"embeddable":true,"href":"https:\/\/blogdoedvaldomagalhaes.com.br\/index.php\/wp-json\/wp\/v2\/comments?post=1685"}],"version-history":[{"count":1,"href":"https:\/\/blogdoedvaldomagalhaes.com.br\/index.php\/wp-json\/wp\/v2\/posts\/1685\/revisions"}],"predecessor-version":[{"id":33033,"href":"https:\/\/blogdoedvaldomagalhaes.com.br\/index.php\/wp-json\/wp\/v2\/posts\/1685\/revisions\/33033"}],"wp:attachment":[{"href":"https:\/\/blogdoedvaldomagalhaes.com.br\/index.php\/wp-json\/wp\/v2\/media?parent=1685"}],"wp:term":[{"taxonomy":"category","embeddable":true,"href":"https:\/\/blogdoedvaldomagalhaes.com.br\/index.php\/wp-json\/wp\/v2\/categories?post=1685"},{"taxonomy":"post_tag","embeddable":true,"href":"https:\/\/blogdoedvaldomagalhaes.com.br\/index.php\/wp-json\/wp\/v2\/tags?post=1685"}],"curies":[{"name":"wp","href":"https:\/\/api.w.org\/{rel}","templated":true}]}}