{"id":1684,"date":"2018-07-27T14:32:00","date_gmt":"2018-07-27T17:32:00","guid":{"rendered":"http:\/\/blogdoedvaldomagalhaes.com.br\/index.php\/2018\/07\/27\/caruaru-sedia-evento-do-conselho\/"},"modified":"2019-02-09T02:25:59","modified_gmt":"2019-02-09T04:25:59","slug":"caruaru-sedia-evento-do-conselho","status":"publish","type":"post","link":"https:\/\/blogdoedvaldomagalhaes.com.br\/index.php\/2018\/07\/27\/caruaru-sedia-evento-do-conselho\/","title":{"rendered":"Caruaru sedia evento do Conselho Estadual de Defesa dos Direitos da Crian\u00e7a e do Adolescente"},"content":{"rendered":"<div class=\"separator\" style=\"clear: both; text-align: center;\">\n<a href=\"https:\/\/1.bp.blogspot.com\/-GCmgoVsdVjk\/W1ss65O9rTI\/AAAAAAAA3KU\/5O9reDCNNHkHtlFz7gClytzF-Bk2UMfogCLcBGAs\/s1600\/cons.jpg\" imageanchor=\"1\" style=\"margin-left: 1em; margin-right: 1em;\"><img loading=\"lazy\" decoding=\"async\" border=\"0\" data-original-height=\"576\" data-original-width=\"1024\" height=\"354\" src=\"http:\/\/blogdoedvaldomagalhaes.com.br\/wp-content\/uploads\/2018\/07\/cons.jpg\" width=\"640\" \/><\/a><\/div>\n<div style=\"text-align: justify;\">\n<\/div>\n<div style=\"text-align: justify;\">\nO Conselho Estadual de Defesa dos Direitos da Crian\u00e7a e do Adolescente est\u00e1 realizando nesta sexta-feira (27), em Caruaru, Assembleia Extraordin\u00e1ria Descentralizada. O encontro, abrange representantes do sistema de garantia de direitos do Agreste, com o intuito de dialogar sobre a pol\u00edtica de garantia de direitos desenvolvidas nos Conselhos Municipais de Direitos da Crian\u00e7a e do Adolescente.<\/div>\n<div style=\"text-align: justify;\">\n<\/div>\n<div style=\"text-align: justify;\">\nO evento come\u00e7ou \u00e0s 9h, na Faculdade UNINASSAU. No turno da manh\u00e3, palestra sobre a atua\u00e7\u00e3o, limites e possibilidades do Conselho. Outro ponto a ser destacado ser\u00e1 o Fortalecimento dos Conselhos Municipais de Direitos da Crian\u00e7a e do Adolescente.<\/div>\n<div style=\"text-align: justify;\">\n<\/div>\n<div style=\"text-align: justify;\">\nAo final, ser\u00e1 aberto o debate para que sejam apontadas as dificuldades apresentadas naquela regi\u00e3o sobre os direitos da crian\u00e7a e do adolescente e a partir da\u00ed sair as delibera\u00e7\u00f5es e os encaminhamentos a serem tomados.<\/div>\n<div style=\"text-align: justify;\">\n<\/div>\n<div style=\"text-align: justify;\">\nO encontro \u00e9 destinado para conselheiros Municipais de Direitos, conselheiros tutelares, prefeitos, secret\u00e1rios de Assist\u00eancia Social, t\u00e9cnicos dos Centros de Refer\u00eancia de Assist\u00eancia Social \u2013 CRAS, e dos Centros de Refer\u00eancia Especializado de Assist\u00eancia Social CREAS, representantes do Poder Legislativo, do Minist\u00e9rio P\u00fablico e do Poder Judici\u00e1rio.<\/div>\n<div style=\"text-align: justify;\">\n<\/div>\n","protected":false},"excerpt":{"rendered":"<p>O Conselho Estadual de Defesa dos Direitos da Crian\u00e7a e do Adolescente est\u00e1 realizando nesta sexta-feira (27), em Caruaru, Assembleia&hellip;<\/p>\n","protected":false},"author":1,"featured_media":0,"comment_status":"open","ping_status":"open","sticky":false,"template":"","format":"standard","meta":{"footnotes":""},"categories":[1],"tags":[2,1700,6],"class_list":["post-1684","post","type-post","status-publish","format-standard","hentry","category-sem-categoria","tag-blog-do-edvaldo-magalhaes","tag-caruaru-sedia-evento-do-conselho-estadual-de-defesa-dos-direitos-da-crianca-e-do-adolescente","tag-noticias"],"_links":{"self":[{"href":"https:\/\/blogdoedvaldomagalhaes.com.br\/index.php\/wp-json\/wp\/v2\/posts\/1684","targetHints":{"allow":["GET"]}}],"collection":[{"href":"https:\/\/blogdoedvaldomagalhaes.com.br\/index.php\/wp-json\/wp\/v2\/posts"}],"about":[{"href":"https:\/\/blogdoedvaldomagalhaes.com.br\/index.php\/wp-json\/wp\/v2\/types\/post"}],"author":[{"embeddable":true,"href":"https:\/\/blogdoedvaldomagalhaes.com.br\/index.php\/wp-json\/wp\/v2\/users\/1"}],"replies":[{"embeddable":true,"href":"https:\/\/blogdoedvaldomagalhaes.com.br\/index.php\/wp-json\/wp\/v2\/comments?post=1684"}],"version-history":[{"count":1,"href":"https:\/\/blogdoedvaldomagalhaes.com.br\/index.php\/wp-json\/wp\/v2\/posts\/1684\/revisions"}],"predecessor-version":[{"id":33035,"href":"https:\/\/blogdoedvaldomagalhaes.com.br\/index.php\/wp-json\/wp\/v2\/posts\/1684\/revisions\/33035"}],"wp:attachment":[{"href":"https:\/\/blogdoedvaldomagalhaes.com.br\/index.php\/wp-json\/wp\/v2\/media?parent=1684"}],"wp:term":[{"taxonomy":"category","embeddable":true,"href":"https:\/\/blogdoedvaldomagalhaes.com.br\/index.php\/wp-json\/wp\/v2\/categories?post=1684"},{"taxonomy":"post_tag","embeddable":true,"href":"https:\/\/blogdoedvaldomagalhaes.com.br\/index.php\/wp-json\/wp\/v2\/tags?post=1684"}],"curies":[{"name":"wp","href":"https:\/\/api.w.org\/{rel}","templated":true}]}}