{"id":1683,"date":"2018-07-27T14:35:00","date_gmt":"2018-07-27T17:35:00","guid":{"rendered":"http:\/\/blogdoedvaldomagalhaes.com.br\/index.php\/2018\/07\/27\/comunidade-de-baraunas-em-festa-para\/"},"modified":"2019-02-09T02:25:59","modified_gmt":"2019-02-09T04:25:59","slug":"comunidade-de-baraunas-em-festa-para","status":"publish","type":"post","link":"https:\/\/blogdoedvaldomagalhaes.com.br\/index.php\/2018\/07\/27\/comunidade-de-baraunas-em-festa-para\/","title":{"rendered":"Comunidade de Bara\u00fanas em festa para homenagear S\u00e3o Crist\u00f3v\u00e3o"},"content":{"rendered":"<div class=\"separator\" style=\"clear: both; text-align: center;\">\n<a href=\"https:\/\/4.bp.blogspot.com\/-FOX3SAqmQDE\/W1storDbcWI\/AAAAAAAA3Kg\/8Nv62IDKk2g_MBH3H33_tSgSo9nx9_a7QCLcBGAs\/s1600\/igreja.jpg\" imageanchor=\"1\" style=\"margin-left: 1em; margin-right: 1em;\"><img loading=\"lazy\" decoding=\"async\" border=\"0\" data-original-height=\"375\" data-original-width=\"500\" height=\"480\" src=\"http:\/\/blogdoedvaldomagalhaes.com.br\/wp-content\/uploads\/2018\/07\/igreja.jpg\" width=\"640\" \/><\/a><\/div>\n<div style=\"background-color: white; box-sizing: border-box; line-height: 24px; margin-bottom: 10px; text-align: justify;\">\n<\/div>\n<div style=\"background-color: white; box-sizing: border-box; line-height: 24px; margin-bottom: 10px; text-align: justify;\">\nA comunidade de Bara\u00fanas, zona rural de Caruaru, est\u00e1 homenageando o seu padroeiro e dos motoristas, S\u00e3o Crist\u00f3v\u00e3o. A 17\u00aa Festa de S\u00e3o Crist\u00f3v\u00e3o come\u00e7ou quarta-feira (25) e segue at\u00e9 este s\u00e1bado (28).<\/div>\n<div style=\"background-color: white; box-sizing: border-box; line-height: 24px; margin-bottom: 10px; text-align: justify;\">\nUma vasta programa\u00e7\u00e3o foi elaborada e o tema este ano \u00e9 \u201cNo exemplo de f\u00e9 de S\u00e3o Crist\u00f3v\u00e3o, queremos viver a miseric\u00f3rdia do Senhor\u201d.<\/div>\n<div style=\"background-color: white; box-sizing: border-box; line-height: 24px; margin-bottom: 10px; text-align: justify;\">\nNo \u00faltimo dia da festa, \u00e0s 18h, haver\u00e1 prociss\u00e3o motorizada com a imagem de S\u00e3o Crist\u00f3v\u00e3o, saindo da Igreja de S\u00e3o Sebasti\u00e3o, na Vila Patos, em dire\u00e7\u00e3o a Igreja de S\u00e3o Crist\u00f3v\u00e3o, em Bara\u00fanas.<\/div>\n<div style=\"background-color: white; box-sizing: border-box; line-height: 24px; margin-bottom: 10px; text-align: justify;\">\nAp\u00f3s a prociss\u00e3o, haver\u00e1 celebra\u00e7\u00e3o da missa devocional de encerramento e show com a banda Forroz\u00e3o p\u00e9 de Moleque.<\/div>\n<div style=\"background-color: white; box-sizing: border-box; line-height: 24px; margin-bottom: 10px; text-align: justify;\">\nInforma\u00e7\u00f5es da R\u00e1dio Liberdade.<\/div>\n<div style=\"background-color: white; box-sizing: border-box; line-height: 24px; margin-bottom: 10px; text-align: justify;\">\n<\/div>\n","protected":false},"excerpt":{"rendered":"<p>A comunidade de Bara\u00fanas, zona rural de Caruaru, est\u00e1 homenageando o seu padroeiro e dos motoristas, S\u00e3o Crist\u00f3v\u00e3o. A 17\u00aa&hellip;<\/p>\n","protected":false},"author":1,"featured_media":0,"comment_status":"open","ping_status":"open","sticky":false,"template":"","format":"standard","meta":{"footnotes":""},"categories":[1],"tags":[2,1699,6],"class_list":["post-1683","post","type-post","status-publish","format-standard","hentry","category-sem-categoria","tag-blog-do-edvaldo-magalhaes","tag-comunidade-de-baraunas-em-festa-para-homenagear-sao-cristovao","tag-noticias"],"_links":{"self":[{"href":"https:\/\/blogdoedvaldomagalhaes.com.br\/index.php\/wp-json\/wp\/v2\/posts\/1683","targetHints":{"allow":["GET"]}}],"collection":[{"href":"https:\/\/blogdoedvaldomagalhaes.com.br\/index.php\/wp-json\/wp\/v2\/posts"}],"about":[{"href":"https:\/\/blogdoedvaldomagalhaes.com.br\/index.php\/wp-json\/wp\/v2\/types\/post"}],"author":[{"embeddable":true,"href":"https:\/\/blogdoedvaldomagalhaes.com.br\/index.php\/wp-json\/wp\/v2\/users\/1"}],"replies":[{"embeddable":true,"href":"https:\/\/blogdoedvaldomagalhaes.com.br\/index.php\/wp-json\/wp\/v2\/comments?post=1683"}],"version-history":[{"count":1,"href":"https:\/\/blogdoedvaldomagalhaes.com.br\/index.php\/wp-json\/wp\/v2\/posts\/1683\/revisions"}],"predecessor-version":[{"id":33037,"href":"https:\/\/blogdoedvaldomagalhaes.com.br\/index.php\/wp-json\/wp\/v2\/posts\/1683\/revisions\/33037"}],"wp:attachment":[{"href":"https:\/\/blogdoedvaldomagalhaes.com.br\/index.php\/wp-json\/wp\/v2\/media?parent=1683"}],"wp:term":[{"taxonomy":"category","embeddable":true,"href":"https:\/\/blogdoedvaldomagalhaes.com.br\/index.php\/wp-json\/wp\/v2\/categories?post=1683"},{"taxonomy":"post_tag","embeddable":true,"href":"https:\/\/blogdoedvaldomagalhaes.com.br\/index.php\/wp-json\/wp\/v2\/tags?post=1683"}],"curies":[{"name":"wp","href":"https:\/\/api.w.org\/{rel}","templated":true}]}}