{"id":1682,"date":"2018-07-27T14:44:00","date_gmt":"2018-07-27T17:44:00","guid":{"rendered":"http:\/\/blogdoedvaldomagalhaes.com.br\/index.php\/2018\/07\/27\/candidatura-de-bruno-araujo-ao-senado\/"},"modified":"2019-02-09T02:25:59","modified_gmt":"2019-02-09T04:25:59","slug":"candidatura-de-bruno-araujo-ao-senado","status":"publish","type":"post","link":"https:\/\/blogdoedvaldomagalhaes.com.br\/index.php\/2018\/07\/27\/candidatura-de-bruno-araujo-ao-senado\/","title":{"rendered":"Candidatura de Bruno Araujo ao Senado ser\u00e1 lan\u00e7ada neste s\u00e1bado (28)"},"content":{"rendered":"<div class=\"separator\" style=\"clear: both; text-align: center;\">\n<a href=\"https:\/\/1.bp.blogspot.com\/-OKut4oyLTWg\/W1svn7KrQRI\/AAAAAAAA3Kw\/MFj409Px5P0MU5AIZkCol6W9ARsEblRMQCLcBGAs\/s1600\/bruno.jpg\" imageanchor=\"1\" style=\"margin-left: 1em; margin-right: 1em;\"><img loading=\"lazy\" decoding=\"async\" border=\"0\" data-original-height=\"558\" data-original-width=\"930\" height=\"382\" src=\"http:\/\/blogdoedvaldomagalhaes.com.br\/wp-content\/uploads\/2018\/07\/bruno.jpg\" width=\"640\" \/><\/a><\/div>\n<div class=\"separator\" style=\"clear: both; text-align: center;\">\nFoto: Divulga\u00e7\u00e3o<\/div>\n<div style=\"text-align: justify;\">\n<\/div>\n<div style=\"text-align: justify;\">\nA frente das Oposi\u00e7\u00f5es &#8220;Pernambuco Vai Mudar&#8221; realiza uma coletiva de imprensa neste s\u00e1bado (28), \u00e0s 10 horas, na sede do PSDB, na rua Viscondessa do Livramento 226, no Derby, em Recife, para an\u00fancio do presidente do partido, deputado federal Bruno Ara\u00fajo, na chapa majorit\u00e1ria, como pr\u00e9-candidato ao Senado. A coletiva contar\u00e1 com as presen\u00e7as dos pr\u00e9-candidatos ao governo, Armando Monteiro Neto (PTB), e ao Senado, Mendon\u00e7a Filho (DEM).<\/p>\n<p>A informa\u00e7\u00e3o foi confirmada pela prefeita de Caruaru, Raquel Lyra (PSDB), em entrevista a R\u00e1dio Jornal, na manh\u00e3 desta sexta-feira (27).<\/p><\/div>\n<div style=\"text-align: justify;\">\n<\/div>\n","protected":false},"excerpt":{"rendered":"<p>Foto: Divulga\u00e7\u00e3o A frente das Oposi\u00e7\u00f5es &#8220;Pernambuco Vai Mudar&#8221; realiza uma coletiva de imprensa neste s\u00e1bado (28), \u00e0s 10 horas,&hellip;<\/p>\n","protected":false},"author":1,"featured_media":0,"comment_status":"open","ping_status":"open","sticky":false,"template":"","format":"standard","meta":{"footnotes":""},"categories":[1],"tags":[2,1698,20],"class_list":["post-1682","post","type-post","status-publish","format-standard","hentry","category-sem-categoria","tag-blog-do-edvaldo-magalhaes","tag-candidatura-de-bruno-araujo-ao-senado-sera-lancada-neste-sabado-28","tag-politica"],"_links":{"self":[{"href":"https:\/\/blogdoedvaldomagalhaes.com.br\/index.php\/wp-json\/wp\/v2\/posts\/1682","targetHints":{"allow":["GET"]}}],"collection":[{"href":"https:\/\/blogdoedvaldomagalhaes.com.br\/index.php\/wp-json\/wp\/v2\/posts"}],"about":[{"href":"https:\/\/blogdoedvaldomagalhaes.com.br\/index.php\/wp-json\/wp\/v2\/types\/post"}],"author":[{"embeddable":true,"href":"https:\/\/blogdoedvaldomagalhaes.com.br\/index.php\/wp-json\/wp\/v2\/users\/1"}],"replies":[{"embeddable":true,"href":"https:\/\/blogdoedvaldomagalhaes.com.br\/index.php\/wp-json\/wp\/v2\/comments?post=1682"}],"version-history":[{"count":1,"href":"https:\/\/blogdoedvaldomagalhaes.com.br\/index.php\/wp-json\/wp\/v2\/posts\/1682\/revisions"}],"predecessor-version":[{"id":33039,"href":"https:\/\/blogdoedvaldomagalhaes.com.br\/index.php\/wp-json\/wp\/v2\/posts\/1682\/revisions\/33039"}],"wp:attachment":[{"href":"https:\/\/blogdoedvaldomagalhaes.com.br\/index.php\/wp-json\/wp\/v2\/media?parent=1682"}],"wp:term":[{"taxonomy":"category","embeddable":true,"href":"https:\/\/blogdoedvaldomagalhaes.com.br\/index.php\/wp-json\/wp\/v2\/categories?post=1682"},{"taxonomy":"post_tag","embeddable":true,"href":"https:\/\/blogdoedvaldomagalhaes.com.br\/index.php\/wp-json\/wp\/v2\/tags?post=1682"}],"curies":[{"name":"wp","href":"https:\/\/api.w.org\/{rel}","templated":true}]}}