{"id":1681,"date":"2018-07-27T19:35:00","date_gmt":"2018-07-27T22:35:00","guid":{"rendered":"http:\/\/blogdoedvaldomagalhaes.com.br\/index.php\/2018\/07\/27\/prp-retira-candidatura-ao-governo-do\/"},"modified":"2019-02-09T02:26:00","modified_gmt":"2019-02-09T04:26:00","slug":"prp-retira-candidatura-ao-governo-do","status":"publish","type":"post","link":"https:\/\/blogdoedvaldomagalhaes.com.br\/index.php\/2018\/07\/27\/prp-retira-candidatura-ao-governo-do\/","title":{"rendered":"PRP retira candidatura ao governo do Cel. Luiz Meira e Gilson Neto desiste do Senado"},"content":{"rendered":"<div class=\"separator\" style=\"clear: both; text-align: center;\">\n<a href=\"https:\/\/1.bp.blogspot.com\/-jmWFqvOtUdg\/W1tzFU-t_fI\/AAAAAAAA3LU\/sSzv2Kmurh01bhTDpex1av0_NXzCNbe0gCLcBGAs\/s1600\/cor.png\" imageanchor=\"1\" style=\"margin-left: 1em; margin-right: 1em;\"><img loading=\"lazy\" decoding=\"async\" border=\"0\" data-original-height=\"364\" data-original-width=\"706\" height=\"330\" src=\"http:\/\/blogdoedvaldomagalhaes.com.br\/wp-content\/uploads\/2018\/07\/cor.png\" width=\"640\" \/><\/a><\/div>\n<div class=\"separator\" style=\"clear: both; text-align: center;\">\nFoto: Dilvuga\u00e7\u00e3o<\/div>\n<div style=\"text-align: justify;\">\n<\/div>\n<div style=\"text-align: justify;\">\n<\/div>\n<div style=\"text-align: justify;\">\nA dire\u00e7\u00e3o nacional do Partido Republicano Progressista (PRP) divulgou uma nota, na manh\u00e3 desta sexta-feira (27), a retirada da candidatura ao governo de Pernambuco do Coronel Luiz Meira (PRP), que tinha o apoio do presidenci\u00e1vel e deputado federal Jair Bolsonaro (PSL).<\/p>\n<p>O Coronel Luiz Meira (PRP) era aliado de Bolsonaro (PSL) e dizia que era o \u00fanico representante da direita em Pernambuco.<\/p>\n<p>O empres\u00e1rio Gilson Neto (PSL), divulgou nas redes sociais a sua desist\u00eancia na disputa para o Senado. Leia abaixo:<\/p><\/div>\n<div style=\"text-align: justify;\">\n<\/div>\n<div style=\"text-align: justify;\">\nPrezados amigos e amigas, venho atrav\u00e9s desta ,comunicar minha decis\u00e3o em deixar de concorrer ao Senado ,pelo meu querido e sofrido Estado de Pernambuco.<\/div>\n<div style=\"text-align: justify;\">\n<\/div>\n<div style=\"text-align: justify;\">\nFui convocado para honrosa miss\u00e3o pelo meu amigo o Deputado Federal e futuro Presidente da Rep\u00fablica Jair Bolsonaro ,anterior at\u00e9 a nossa filia\u00e7\u00e3o ao PSL,por\u00e9m, apesar de seu incondicional apoio, n\u00e3o encontrei as condi\u00e7\u00f5es necess\u00e1rias dentro do diret\u00f3rio do PSL em Pernambuco. Continuarei com minhas convic\u00e7\u00f5es e ideais intactos ,e certo de que poderei ser um vetor junto ao meu amigo Jair Bolsonaro da vit\u00f3ria que se aproxima para o bem de nosso combalido e amado Brasil.<\/div>\n<div style=\"text-align: justify;\">\n<\/div>\n<div style=\"text-align: justify;\">\nPe\u00e7o que todos sigam a orienta\u00e7\u00e3o do Partido,e ajudem nossos candidatos. Obrigado a todos que comigo compartilharam deste sonho. Jamais esquecerei cada um de voc\u00eas! Um fraterno abra\u00e7o.<\/div>\n<div style=\"text-align: justify;\">\n<\/div>\n<div style=\"text-align: justify;\">\nGilson Machado Neto<\/div>\n<div style=\"text-align: justify;\">\n<\/div>\n<div style=\"text-align: justify;\">\nMeu Partido \u00e9 Bolsonaro.<\/div>\n","protected":false},"excerpt":{"rendered":"<p>Foto: Dilvuga\u00e7\u00e3o A dire\u00e7\u00e3o nacional do Partido Republicano Progressista (PRP) divulgou uma nota, na manh\u00e3 desta sexta-feira (27), a retirada&hellip;<\/p>\n","protected":false},"author":1,"featured_media":0,"comment_status":"open","ping_status":"open","sticky":false,"template":"","format":"standard","meta":{"footnotes":""},"categories":[1],"tags":[2,20,1697],"class_list":["post-1681","post","type-post","status-publish","format-standard","hentry","category-sem-categoria","tag-blog-do-edvaldo-magalhaes","tag-politica","tag-prp-retira-candidatura-ao-governo-do-cel-luiz-meira-e-gilson-neto-desiste-do-senado"],"_links":{"self":[{"href":"https:\/\/blogdoedvaldomagalhaes.com.br\/index.php\/wp-json\/wp\/v2\/posts\/1681","targetHints":{"allow":["GET"]}}],"collection":[{"href":"https:\/\/blogdoedvaldomagalhaes.com.br\/index.php\/wp-json\/wp\/v2\/posts"}],"about":[{"href":"https:\/\/blogdoedvaldomagalhaes.com.br\/index.php\/wp-json\/wp\/v2\/types\/post"}],"author":[{"embeddable":true,"href":"https:\/\/blogdoedvaldomagalhaes.com.br\/index.php\/wp-json\/wp\/v2\/users\/1"}],"replies":[{"embeddable":true,"href":"https:\/\/blogdoedvaldomagalhaes.com.br\/index.php\/wp-json\/wp\/v2\/comments?post=1681"}],"version-history":[{"count":1,"href":"https:\/\/blogdoedvaldomagalhaes.com.br\/index.php\/wp-json\/wp\/v2\/posts\/1681\/revisions"}],"predecessor-version":[{"id":33041,"href":"https:\/\/blogdoedvaldomagalhaes.com.br\/index.php\/wp-json\/wp\/v2\/posts\/1681\/revisions\/33041"}],"wp:attachment":[{"href":"https:\/\/blogdoedvaldomagalhaes.com.br\/index.php\/wp-json\/wp\/v2\/media?parent=1681"}],"wp:term":[{"taxonomy":"category","embeddable":true,"href":"https:\/\/blogdoedvaldomagalhaes.com.br\/index.php\/wp-json\/wp\/v2\/categories?post=1681"},{"taxonomy":"post_tag","embeddable":true,"href":"https:\/\/blogdoedvaldomagalhaes.com.br\/index.php\/wp-json\/wp\/v2\/tags?post=1681"}],"curies":[{"name":"wp","href":"https:\/\/api.w.org\/{rel}","templated":true}]}}