{"id":1680,"date":"2018-07-27T20:03:00","date_gmt":"2018-07-27T23:03:00","guid":{"rendered":"http:\/\/blogdoedvaldomagalhaes.com.br\/index.php\/2018\/07\/27\/futebol-americano-caruaru-wolves-encara\/"},"modified":"2019-02-09T02:26:01","modified_gmt":"2019-02-09T04:26:01","slug":"futebol-americano-caruaru-wolves-encara","status":"publish","type":"post","link":"https:\/\/blogdoedvaldomagalhaes.com.br\/index.php\/2018\/07\/27\/futebol-americano-caruaru-wolves-encara\/","title":{"rendered":"Futebol Americano: Caruaru Wolves encara o CSA-AL no Lacerd\u00e3o domingo (29)"},"content":{"rendered":"<div class=\"separator\" style=\"clear: both; text-align: center;\">\n<a href=\"https:\/\/3.bp.blogspot.com\/-_pjA9yu-lK8\/W1t4USvgk0I\/AAAAAAAA3L0\/SDEtAE_crkktfzmGMwT-VhGOnHp5FLnuACLcBGAs\/s1600\/wolvs1.jpg\" imageanchor=\"1\" style=\"margin-left: 1em; margin-right: 1em;\"><img loading=\"lazy\" decoding=\"async\" border=\"0\" data-original-height=\"960\" data-original-width=\"960\" height=\"640\" src=\"http:\/\/blogdoedvaldomagalhaes.com.br\/wp-content\/uploads\/2018\/07\/wolvs1.jpg\" width=\"640\" \/><\/a><\/div>\n<div class=\"separator\" style=\"clear: both; text-align: center;\">\n<\/div>\n<div class=\"separator\" style=\"clear: both; text-align: justify;\">\n<\/div>\n<div style=\"text-align: justify;\">\nNeste fim de semana Pernambuco recebe os primeiros jogos da temporada regular de futebol americano. As partidas ser\u00e3o v\u00e1lidas pela rodada de abertura da Liga Nordeste, a segunda divis\u00e3o nacional para as equipes nordestinas. Entre os 12 times na competi\u00e7\u00e3o, Pernambuco \u00e9 majorit\u00e1rio, com 7 equipes. Os jogos deste fim de semana s\u00e3o em Olinda, Caruaru e Petrolina.<\/div>\n<p><\/p>\n<div style=\"text-align: justify;\">\n<\/div>\n<div style=\"text-align: justify;\">\nAs 12 equipes do Nordeste est\u00e3o divididas em tr\u00eas grupos. No Grupo Norte est\u00e3o os sertanejos Arcoverde Templ\u00e1rios e Carrancas (de Petrolina), al\u00e9m dos Gladiadores (de Fortaleza, Cear\u00e1) e o S\u00e3o Lu\u00eds Sharks, da capital maranhense. E \u00e0s 17h do domingo (29), no Est\u00e1dio Paulo Coelho, em Petrolina, os Carrancas recebem os Templ\u00e1rios para um duelo pernambucano. Os ingressos custam R$15.<\/div>\n<div style=\"text-align: justify;\">\n<\/div>\n<div style=\"text-align: justify;\">\nJ\u00e1 no Grupo Central est\u00e3o tr\u00eas pernambucanos: o Caruaru Wolves, o Olinda Sharks e o Recife Pirates &#8211; que agora se chama Santa Cruz Pirates, j\u00e1 que firmou parceria com a equipe Tricolor. O quarto time do grupo \u00e9 o CSA Guerreiros, de Alagoas. E o Est\u00e1dio Grito da Rep\u00fablica, no bairro de Rio Doce, Olinda, recebe o duelo entre os Piratas e Tubar\u00f5es a partir das 14h30. No domingo (29) \u00e9 a vez dos Lobos caruaruenses receberem os Guerreiros do CSA, no Lacerd\u00e3o, \u00e0s 16h. Nos dois jogos os ingressos custam R$10.<\/div>\n<div style=\"text-align: justify;\">\n<\/div>\n<div style=\"text-align: justify;\">\nNo Grupo Sul est\u00e3o o Recife Apaches e o ca\u00e7ula das equipes da capital pernambucana, o Recife Vikings. Os Apaches estreiam fora de casa contra o Macei\u00f3 Marechais, \u00e0s 15h do domingo, na Vila Ol\u00edmpica Albano Franco. Mas os Vikings fazem sua estreia em competi\u00e7\u00f5es oficiais j\u00e1 em casa, no Grito da Rep\u00fablica, em Rio Doce, que tem sido \u201ca casa\u201d dos times de futebol americano da Regi\u00e3o Metropolitana do Recife. O duelo contra o Sergipe Redentores tem in\u00edcio \u00e0s 14h, com ingressos a R$10 ou R$5 + um quilo de alimento n\u00e3o perec\u00edvel.<\/div>\n<div style=\"text-align: justify;\">\n<\/div>\n<div style=\"text-align: justify;\">\nA primeira fase tem jogos de ida e volta (6 rodadas), classificando as melhores campanhas para o mata-mata que d\u00e1 acesso \u00e0 elite do futebol americano nacional, a BFA.<\/div>\n<div class=\"separator\" style=\"clear: both; text-align: justify;\">\n<\/div>\n<div class=\"separator\" style=\"clear: both; text-align: center;\">\n<a href=\"https:\/\/1.bp.blogspot.com\/-b-JtxFacmsQ\/W1t3_dU9eQI\/AAAAAAAA3Ls\/cOD8QGFOfzYNzvvQIDpxWM8Qm1GNO_e5ACLcBGAs\/s1600\/wolnes%2B2.jpg\" imageanchor=\"1\" style=\"margin-left: 1em; margin-right: 1em;\"><img loading=\"lazy\" decoding=\"async\" border=\"0\" data-original-height=\"640\" data-original-width=\"960\" height=\"426\" src=\"http:\/\/blogdoedvaldomagalhaes.com.br\/wp-content\/uploads\/2018\/07\/wolnes2.jpg\" width=\"640\" \/><\/a><\/div>\n<div class=\"separator\" style=\"clear: both; text-align: center;\">\n<\/div>\n<div class=\"separator\" style=\"clear: both; text-align: justify;\">\nO Caruaru Wolves \u00e9 o primeiro time do interior de Pernambuco, j\u00e1 tem quatro anos de exist\u00eancia, participa da Liga h\u00e1 tr\u00eas anos, tem um plantel com 46 atletas, sendo 3 de Alagoas (ex-Marechais).&nbsp;A Comiss\u00e3o T\u00e9cnica \u00e9 de Alagoas e Recife, sendo Deivid Carneiro e Matheus Ribeiro, respectivamente.<\/div>\n<div class=\"separator\" style=\"clear: both; text-align: justify;\">\n<\/div>\n<div class=\"separator\" style=\"clear: both; text-align: justify;\">\nDisputando a Liga Nordeste (esp\u00e9cie de S\u00e9rie B do futebol americano), pelo terceiro ano, liga essa que d\u00e1 acesso \u00e0 BFA (esp\u00e9cie de S\u00e9rie A do futebol americano). Anualmente sobe um time para a Liga e desce um da BFA por regi\u00e3o.<\/div>\n<div class=\"separator\" style=\"clear: both; text-align: justify;\">\n<\/div>\n<div class=\"separator\" style=\"clear: both; text-align: justify;\">\n<a href=\"https:\/\/3.bp.blogspot.com\/-uh5W7TQt5VU\/W1t3BdsRUjI\/AAAAAAAA3Lg\/YX5HU10DCwAK93mxCJZHnAFx2T1zXrHIACLcBGAs\/s1600\/wolnes%2B1.jpg\" imageanchor=\"1\" style=\"margin-left: 1em; margin-right: 1em;\"><img loading=\"lazy\" decoding=\"async\" border=\"0\" data-original-height=\"960\" data-original-width=\"960\" height=\"640\" src=\"http:\/\/blogdoedvaldomagalhaes.com.br\/wp-content\/uploads\/2018\/07\/wolnes1.jpg\" width=\"640\" \/><\/a><\/div>\n<p><\/p>\n<div style=\"text-align: justify;\">\n<br \/>\nO gigante: DJ Hurricane(@hurricanenattercio), direto das pistas da m\u00fasica eletr\u00f4nica para o Est\u00e1dio do Lacerd\u00e3o. Adquira o seu ingresso antecipadamente por R$ 10,00 com qualquer atleta ou @thedragonshop, pois esta partida \u00e9 imperd\u00edvel.<\/div>\n","protected":false},"excerpt":{"rendered":"<p>Neste fim de semana Pernambuco recebe os primeiros jogos da temporada regular de futebol americano. As partidas ser\u00e3o v\u00e1lidas pela&hellip;<\/p>\n","protected":false},"author":1,"featured_media":0,"comment_status":"open","ping_status":"open","sticky":false,"template":"","format":"standard","meta":{"footnotes":""},"categories":[1],"tags":[2,3,1696],"class_list":["post-1680","post","type-post","status-publish","format-standard","hentry","category-sem-categoria","tag-blog-do-edvaldo-magalhaes","tag-futebol","tag-futebol-americano-caruaru-wolves-encara-o-csa-al-no-lacerdao-domingo-29"],"_links":{"self":[{"href":"https:\/\/blogdoedvaldomagalhaes.com.br\/index.php\/wp-json\/wp\/v2\/posts\/1680","targetHints":{"allow":["GET"]}}],"collection":[{"href":"https:\/\/blogdoedvaldomagalhaes.com.br\/index.php\/wp-json\/wp\/v2\/posts"}],"about":[{"href":"https:\/\/blogdoedvaldomagalhaes.com.br\/index.php\/wp-json\/wp\/v2\/types\/post"}],"author":[{"embeddable":true,"href":"https:\/\/blogdoedvaldomagalhaes.com.br\/index.php\/wp-json\/wp\/v2\/users\/1"}],"replies":[{"embeddable":true,"href":"https:\/\/blogdoedvaldomagalhaes.com.br\/index.php\/wp-json\/wp\/v2\/comments?post=1680"}],"version-history":[{"count":1,"href":"https:\/\/blogdoedvaldomagalhaes.com.br\/index.php\/wp-json\/wp\/v2\/posts\/1680\/revisions"}],"predecessor-version":[{"id":33045,"href":"https:\/\/blogdoedvaldomagalhaes.com.br\/index.php\/wp-json\/wp\/v2\/posts\/1680\/revisions\/33045"}],"wp:attachment":[{"href":"https:\/\/blogdoedvaldomagalhaes.com.br\/index.php\/wp-json\/wp\/v2\/media?parent=1680"}],"wp:term":[{"taxonomy":"category","embeddable":true,"href":"https:\/\/blogdoedvaldomagalhaes.com.br\/index.php\/wp-json\/wp\/v2\/categories?post=1680"},{"taxonomy":"post_tag","embeddable":true,"href":"https:\/\/blogdoedvaldomagalhaes.com.br\/index.php\/wp-json\/wp\/v2\/tags?post=1680"}],"curies":[{"name":"wp","href":"https:\/\/api.w.org\/{rel}","templated":true}]}}