{"id":1679,"date":"2018-07-27T20:24:00","date_gmt":"2018-07-27T23:24:00","guid":{"rendered":"http:\/\/blogdoedvaldomagalhaes.com.br\/index.php\/2018\/07\/27\/coronel-cornelio-grava-3-dvd-no-sesc\/"},"modified":"2019-02-09T02:26:01","modified_gmt":"2019-02-09T04:26:01","slug":"coronel-cornelio-grava-3-dvd-no-sesc","status":"publish","type":"post","link":"https:\/\/blogdoedvaldomagalhaes.com.br\/index.php\/2018\/07\/27\/coronel-cornelio-grava-3-dvd-no-sesc\/","title":{"rendered":"Coronel Corn\u00e9lio grava 3\u00ba DVD  no SESC Caruaru neste s\u00e1bado (28)"},"content":{"rendered":"<div class=\"separator\" style=\"clear: both; text-align: center;\">\n<a href=\"https:\/\/3.bp.blogspot.com\/-0uw-9aCCgbM\/W1uVodclELI\/AAAAAAAA3Mc\/DNfGCmOT534qe0NvMBTuRO9z0wUF6isWgCLcBGAs\/s1600\/IMG-20180727-WA0253.jpg\" imageanchor=\"1\" style=\"margin-left: 1em; margin-right: 1em;\"><img loading=\"lazy\" decoding=\"async\" border=\"0\" data-original-height=\"1280\" data-original-width=\"853\" height=\"640\" src=\"http:\/\/blogdoedvaldomagalhaes.com.br\/wp-content\/uploads\/2018\/07\/IMG-20180727-WA0253.jpg\" width=\"426\" \/><\/a><\/div>\n<div class=\"separator\" style=\"clear: both; text-align: center;\">\n<\/div>\n<div class=\"separator\" style=\"clear: both; text-align: center;\">\n<a href=\"https:\/\/1.bp.blogspot.com\/-W9To7xJpyic\/W1t9bLMibYI\/AAAAAAAA3MA\/1C-loP_ERBEohvx-Gk8bg4fGxjQrNVFuACLcBGAs\/s1600\/corone%2B1.jpg\" imageanchor=\"1\" style=\"margin-left: 1em; margin-right: 1em;\"><img loading=\"lazy\" decoding=\"async\" border=\"0\" data-original-height=\"280\" data-original-width=\"280\" height=\"640\" src=\"http:\/\/blogdoedvaldomagalhaes.com.br\/wp-content\/uploads\/2018\/07\/corone1.jpg\" width=\"640\" \/><\/a><\/div>\n<p><\/p>\n<h3 class=\"post-title entry-title\" itemprop=\"name\" style=\"background-color: white; font-stretch: normal; font-variant-east-asian: normal; font-variant-numeric: normal; line-height: normal; margin: 0px; orphans: 2; position: relative; text-align: justify; text-decoration-color: initial; text-decoration-style: initial; text-indent: 0px; widows: 2;\">\nO ator Lamartine Duarte, que faz o personagem Coronel Corn\u00e9lio, grava o 3\u00ba DVD da carreira no SESC Caruaru, neste s\u00e1bado (28). O ator e cordelista Nelson Lima vai atuar com dois personagens: Fidalgo e Aspone, que \u00e9, segundo Lamartine, o &#8220;assessor para assuntos de porra nenhuma&#8221;.&nbsp;<\/h3>\n<div style=\"text-align: justify;\">\n<\/div>\n<div>\n<\/div>\n<div class=\"separator\" style=\"clear: both; text-align: center;\">\n<a href=\"https:\/\/4.bp.blogspot.com\/-a8J_gZJWOUA\/W1t9cSWrKsI\/AAAAAAAA3ME\/SP4V5VM5eiUzcyGF8g4MlmVaQYb-4GLpQCLcBGAs\/s1600\/corne%2B2.jpg\" imageanchor=\"1\" style=\"margin-left: 1em; margin-right: 1em;\"><img loading=\"lazy\" decoding=\"async\" border=\"0\" data-original-height=\"191\" data-original-width=\"280\" height=\"436\" src=\"http:\/\/blogdoedvaldomagalhaes.com.br\/wp-content\/uploads\/2018\/07\/corne2.jpg\" width=\"640\" \/><\/a><\/div>\n<div class=\"separator\" style=\"clear: both; text-align: center;\">\n<\/div>\n<div class=\"separator\" style=\"clear: both; text-align: justify;\">\n<b>Lamartine Duarte<\/b><\/div>\n<div class=\"separator\" style=\"clear: both; text-align: justify;\">\n<\/div>\n<div class=\"separator\" style=\"clear: both; text-align: justify;\">\nO humorista Lamartine Duarte, gravou seu 1\u00ba DVD, com o titulo &#8220;Um show de Gra\u00e7a, quem rir paga\u2019\u2019. Interpretado pelas personagens: Coron\u00e9 Corn\u00e9lio, Biu Cassetim, Vov\u00f3 Dad\u00e1 e Coronel Pernambuco, al\u00e9m da grava\u00e7\u00e3o de 6 Cd&#8217;s durante seus 30 anos de carreira. Mantendo o estilo conservador, autorit\u00e1rio e libertino que os personagens lhe exige, esta \u00e9 a forma que Lamartine encontrou para atender ao p\u00fablico em geral. De um lado um Coron\u00e9 conservador e do outro lado 3 personagens irreverente contando piadas e causos do cotidiano nordestino. Lamartine j\u00e1 participou de v\u00e1rios comerciais de televis\u00e3o e cedeu entrevistas com suas personagens para a imprensa falada, escrita e televisionada em programas de grande audi\u00eancia nacional, como O Fant\u00e1stico, Jornal Nacional e Faust\u00e3o.&nbsp;<\/div>\n<div class=\"separator\" style=\"clear: both; text-align: justify;\">\n<\/div>\n<div class=\"separator\" style=\"clear: both; text-align: justify;\">\nHoje com seus mais de 30 anos de carreira, \u00e9 um artista conhecido nacionalmente, contendo apresenta\u00e7\u00f5es em toda Regi\u00e3o Nordeste, no Rio de Janeiro, dentre outros, divulgando a cultura nordestina<\/div>\n<div style=\"text-align: justify;\">\n<div>\n<div class=\"post-body entry-content\" id=\"post-body-1672791509516064398\" itemprop=\"articleBody\" style=\"background-color: white; color: #666666; font-family: &quot;Trebuchet MS&quot;, Trebuchet, Verdana, sans-serif; font-size: 15.84px; line-height: 1.3; position: relative; text-align: start; width: 940px;\">\n<div style=\"text-align: justify;\">\n<div class=\"separator\" style=\"clear: both; text-align: center;\">\n<\/div>\n<\/div>\n<div class=\"separator\" style=\"clear: both; text-align: center;\">\n<\/div>\n<div style=\"clear: both;\">\n<\/div>\n<\/div>\n<div class=\"post-footer\" style=\"background-color: #eeeeee; border-bottom: 1px solid rgb(238, 238, 238); color: #666666; font-family: &quot;Trebuchet MS&quot;, Trebuchet, Verdana, sans-serif; font-size: 14.4px; line-height: 1.6; margin: 20px -2px 0px; padding: 5px 10px; text-align: start;\">\n<\/div>\n<\/div>\n<\/div>\n<div class=\"separator\" style=\"clear: both; text-align: center;\">\n<a href=\"https:\/\/3.bp.blogspot.com\/--2BtmE4sll0\/W1t9dmx_3QI\/AAAAAAAA3MI\/LdLjoteVHfYNousV8DRD_x3p-E8DH_RvwCLcBGAs\/s1600\/corone%2B3.jpg\" imageanchor=\"1\" style=\"margin-left: 1em; margin-right: 1em;\"><img loading=\"lazy\" decoding=\"async\" border=\"0\" data-original-height=\"280\" data-original-width=\"211\" height=\"640\" src=\"http:\/\/blogdoedvaldomagalhaes.com.br\/wp-content\/uploads\/2018\/07\/corone3.jpg\" width=\"482\" \/><\/a><\/div>\n<h3 class=\"post-title entry-title\" itemprop=\"name\" style=\"-webkit-text-stroke-width: 0px; background-color: white; color: #666666; font: 24.48px &quot;Trebuchet MS&quot;, Trebuchet, Verdana, sans-serif; letter-spacing: normal; margin: 0px; orphans: 2; position: relative; text-align: start; text-decoration-color: initial; text-decoration-style: initial; text-indent: 0px; text-transform: none; white-space: normal; widows: 2; word-spacing: 0px;\">\n<\/h3>\n","protected":false},"excerpt":{"rendered":"<p>O ator Lamartine Duarte, que faz o personagem Coronel Corn\u00e9lio, grava o 3\u00ba DVD da carreira no SESC Caruaru, neste&hellip;<\/p>\n","protected":false},"author":1,"featured_media":0,"comment_status":"open","ping_status":"open","sticky":false,"template":"","format":"standard","meta":{"footnotes":""},"categories":[1],"tags":[2,1695,6],"class_list":["post-1679","post","type-post","status-publish","format-standard","hentry","category-sem-categoria","tag-blog-do-edvaldo-magalhaes","tag-coronel-cornelio-grava-3o-dvd-no-sesc-caruaru-neste-sabado-28","tag-noticias"],"_links":{"self":[{"href":"https:\/\/blogdoedvaldomagalhaes.com.br\/index.php\/wp-json\/wp\/v2\/posts\/1679","targetHints":{"allow":["GET"]}}],"collection":[{"href":"https:\/\/blogdoedvaldomagalhaes.com.br\/index.php\/wp-json\/wp\/v2\/posts"}],"about":[{"href":"https:\/\/blogdoedvaldomagalhaes.com.br\/index.php\/wp-json\/wp\/v2\/types\/post"}],"author":[{"embeddable":true,"href":"https:\/\/blogdoedvaldomagalhaes.com.br\/index.php\/wp-json\/wp\/v2\/users\/1"}],"replies":[{"embeddable":true,"href":"https:\/\/blogdoedvaldomagalhaes.com.br\/index.php\/wp-json\/wp\/v2\/comments?post=1679"}],"version-history":[{"count":1,"href":"https:\/\/blogdoedvaldomagalhaes.com.br\/index.php\/wp-json\/wp\/v2\/posts\/1679\/revisions"}],"predecessor-version":[{"id":33050,"href":"https:\/\/blogdoedvaldomagalhaes.com.br\/index.php\/wp-json\/wp\/v2\/posts\/1679\/revisions\/33050"}],"wp:attachment":[{"href":"https:\/\/blogdoedvaldomagalhaes.com.br\/index.php\/wp-json\/wp\/v2\/media?parent=1679"}],"wp:term":[{"taxonomy":"category","embeddable":true,"href":"https:\/\/blogdoedvaldomagalhaes.com.br\/index.php\/wp-json\/wp\/v2\/categories?post=1679"},{"taxonomy":"post_tag","embeddable":true,"href":"https:\/\/blogdoedvaldomagalhaes.com.br\/index.php\/wp-json\/wp\/v2\/tags?post=1679"}],"curies":[{"name":"wp","href":"https:\/\/api.w.org\/{rel}","templated":true}]}}