{"id":1678,"date":"2018-07-27T22:12:00","date_gmt":"2018-07-28T01:12:00","guid":{"rendered":"http:\/\/blogdoedvaldomagalhaes.com.br\/index.php\/2018\/07\/27\/caruaru-recebe-direito-de-uso-da\/"},"modified":"2019-02-09T02:26:02","modified_gmt":"2019-02-09T04:26:02","slug":"caruaru-recebe-direito-de-uso-da","status":"publish","type":"post","link":"https:\/\/blogdoedvaldomagalhaes.com.br\/index.php\/2018\/07\/27\/caruaru-recebe-direito-de-uso-da\/","title":{"rendered":"Caruaru recebe direito de uso da Esta\u00e7\u00e3o Ferrovi\u00e1ria"},"content":{"rendered":"<div class=\"separator\" style=\"clear: both; text-align: center;\">\n<a href=\"https:\/\/1.bp.blogspot.com\/-CkEwGS7jHtU\/W1uYUj20A_I\/AAAAAAAA3NE\/XPDSRCvIEcck4CUEJtyXBE3OcCjDT74bgCLcBGAs\/s1600\/01.JPG\" imageanchor=\"1\" style=\"margin-left: 1em; margin-right: 1em;\"><img loading=\"lazy\" decoding=\"async\" border=\"0\" data-original-height=\"1065\" data-original-width=\"1600\" height=\"424\" src=\"http:\/\/blogdoedvaldomagalhaes.com.br\/wp-content\/uploads\/2018\/07\/01-2.jpg\" width=\"640\" \/><\/a><\/div>\n<div style=\"background-color: white; color: #222222; font-family: arial, sans-serif; font-size: 12.8px; text-align: center;\">\nCr\u00e9ditos: Jana\u00edna Pepeu<\/div>\n<div style=\"text-align: center;\">\n<\/div>\n<div style=\"text-align: justify;\">\nAp\u00f3s de mais de uma d\u00e9cada de ocupa\u00e7\u00e3o irregular da Esta\u00e7\u00e3o Ferrovi\u00e1ria, a Prefeitura de Caruaru conseguiu o direito real de uso do espa\u00e7o. No \u00faltimo dia 17, foi publicado, no Di\u00e1rio Oficial da Uni\u00e3o, o termo de cess\u00e3o de uso concedido pelo Departamento Nacional de Infraestrutura de Transportes (DNIT) ao munic\u00edpio.<\/div>\n<div style=\"text-align: justify;\">\n<\/div>\n<div style=\"text-align: justify;\">\nNo ano passado, foram criadas duas comiss\u00f5es \u2013 uma da gest\u00e3o municipal e uma do Conselho de Cultura &#8211; para debaterem o processo de organiza\u00e7\u00e3o da esta\u00e7\u00e3o ferrovi\u00e1ria junto com a Funda\u00e7\u00e3o do Patrim\u00f4nio Hist\u00f3rico e Art\u00edstico de Pernambuco (Fundarpe) e Instituto do Patrim\u00f4nio Hist\u00f3rico e Art\u00edstico Nacional (Iphan).<\/div>\n<div style=\"text-align: justify;\">\n<\/div>\n<div style=\"text-align: justify;\">\n\u00c0 frente da comiss\u00e3o municipal, o arquiteto L\u00facio Omena, gerente de Projetos Especiais e ex-presidente da Funda\u00e7\u00e3o de Cultura e Turismo de Caruaru, retomou o di\u00e1logo com os \u00f3rg\u00e3os reguladores \u2013 Transnordestina, ANTT, DNIT e Fundarpe &#8211; a fim de atender todas as orienta\u00e7\u00f5es de conserva\u00e7\u00e3o e de reparo de danos do espa\u00e7o durante o processo de negocia\u00e7\u00e3o do uso da esta\u00e7\u00e3o.<\/div>\n<div style=\"text-align: justify;\">\n<\/div>\n<div class=\"separator\" style=\"clear: both; text-align: center;\">\n<a href=\"https:\/\/4.bp.blogspot.com\/-Zq12uXsjeXY\/W1uYuY0EQAI\/AAAAAAAA3NM\/8g3NnTmd1YQuP0nMXozO0jcVEWOOdLbJwCLcBGAs\/s1600\/02.JPG\" imageanchor=\"1\" style=\"margin-left: 1em; margin-right: 1em;\"><img loading=\"lazy\" decoding=\"async\" border=\"0\" data-original-height=\"1065\" data-original-width=\"1600\" height=\"424\" src=\"http:\/\/blogdoedvaldomagalhaes.com.br\/wp-content\/uploads\/2018\/07\/02-2.jpg\" width=\"640\" \/><\/a><\/div>\n<div style=\"text-align: justify;\">\n<\/div>\n<div style=\"text-align: justify;\">\n&#8220;O DNIT e o Iphan oficializaram a cess\u00e3o da Esta\u00e7\u00e3o Ferrovi\u00e1ria e do Armaz\u00e9m para o munic\u00edpio de Caruaru, depois de 12 anos de processos judiciais. A gest\u00e3o da Prefeita Raquel Lyra conseguiu fazer os reparos e oficializar esta cess\u00e3o no tempo recorde de um ano e meio. A cess\u00e3o \u00e9 gratuita pelo prazo de 20 anos, condicionada ao uso tur\u00edstico e cultural dos espa\u00e7os&#8221;, explicou L\u00facio.<\/div>\n<div style=\"text-align: justify;\">\n<\/div>\n<div style=\"text-align: justify;\">\nO pr\u00f3ximo passo \u00e9 apresentar o projeto para o colegiado para definir a ocupa\u00e7\u00e3o do armaz\u00e9m e do pr\u00e9dio da esta\u00e7\u00e3o.<\/div>\n<div style=\"text-align: justify;\">\n<\/div>\n","protected":false},"excerpt":{"rendered":"<p>Cr\u00e9ditos: Jana\u00edna Pepeu Ap\u00f3s de mais de uma d\u00e9cada de ocupa\u00e7\u00e3o irregular da Esta\u00e7\u00e3o Ferrovi\u00e1ria, a Prefeitura de Caruaru conseguiu&hellip;<\/p>\n","protected":false},"author":1,"featured_media":0,"comment_status":"open","ping_status":"open","sticky":false,"template":"","format":"standard","meta":{"footnotes":""},"categories":[1],"tags":[2,1694,6],"class_list":["post-1678","post","type-post","status-publish","format-standard","hentry","category-sem-categoria","tag-blog-do-edvaldo-magalhaes","tag-caruaru-recebe-direito-de-uso-da-estacao-ferroviaria","tag-noticias"],"_links":{"self":[{"href":"https:\/\/blogdoedvaldomagalhaes.com.br\/index.php\/wp-json\/wp\/v2\/posts\/1678","targetHints":{"allow":["GET"]}}],"collection":[{"href":"https:\/\/blogdoedvaldomagalhaes.com.br\/index.php\/wp-json\/wp\/v2\/posts"}],"about":[{"href":"https:\/\/blogdoedvaldomagalhaes.com.br\/index.php\/wp-json\/wp\/v2\/types\/post"}],"author":[{"embeddable":true,"href":"https:\/\/blogdoedvaldomagalhaes.com.br\/index.php\/wp-json\/wp\/v2\/users\/1"}],"replies":[{"embeddable":true,"href":"https:\/\/blogdoedvaldomagalhaes.com.br\/index.php\/wp-json\/wp\/v2\/comments?post=1678"}],"version-history":[{"count":1,"href":"https:\/\/blogdoedvaldomagalhaes.com.br\/index.php\/wp-json\/wp\/v2\/posts\/1678\/revisions"}],"predecessor-version":[{"id":33053,"href":"https:\/\/blogdoedvaldomagalhaes.com.br\/index.php\/wp-json\/wp\/v2\/posts\/1678\/revisions\/33053"}],"wp:attachment":[{"href":"https:\/\/blogdoedvaldomagalhaes.com.br\/index.php\/wp-json\/wp\/v2\/media?parent=1678"}],"wp:term":[{"taxonomy":"category","embeddable":true,"href":"https:\/\/blogdoedvaldomagalhaes.com.br\/index.php\/wp-json\/wp\/v2\/categories?post=1678"},{"taxonomy":"post_tag","embeddable":true,"href":"https:\/\/blogdoedvaldomagalhaes.com.br\/index.php\/wp-json\/wp\/v2\/tags?post=1678"}],"curies":[{"name":"wp","href":"https:\/\/api.w.org\/{rel}","templated":true}]}}