{"id":1677,"date":"2018-07-27T22:58:00","date_gmt":"2018-07-28T01:58:00","guid":{"rendered":"http:\/\/blogdoedvaldomagalhaes.com.br\/index.php\/2018\/07\/27\/morre-cantora-pernambucana-maria-dapaz\/"},"modified":"2019-02-09T02:26:07","modified_gmt":"2019-02-09T04:26:07","slug":"morre-cantora-pernambucana-maria-dapaz","status":"publish","type":"post","link":"https:\/\/blogdoedvaldomagalhaes.com.br\/index.php\/2018\/07\/27\/morre-cantora-pernambucana-maria-dapaz\/","title":{"rendered":"Morre cantora pernambucana Maria Dapaz"},"content":{"rendered":"<div class=\"separator\" style=\"clear: both; text-align: center;\">\n<a href=\"https:\/\/4.bp.blogspot.com\/-myyVvlr8KZQ\/W1ujR6vEanI\/AAAAAAAA3NY\/YK_ZuoAXCfEZZe90rPQSCX4iuHxFjukowCLcBGAs\/s1600\/maria.jpg\" imageanchor=\"1\" style=\"margin-left: 1em; margin-right: 1em;\"><img loading=\"lazy\" decoding=\"async\" border=\"0\" data-original-height=\"151\" data-original-width=\"333\" height=\"290\" src=\"http:\/\/blogdoedvaldomagalhaes.com.br\/wp-content\/uploads\/2018\/07\/maria.jpg\" width=\"640\" \/><\/a><\/div>\n<div class=\"separator\" style=\"clear: both; text-align: center;\">\nFoto: Dilvuga\u00e7\u00e3o<\/div>\n<div style=\"text-align: justify;\">\n<\/div>\n<div style=\"text-align: justify;\">\nConfirmada a morte da cantora pernambucana Maria Dapaz. Ela estava internada em S\u00e3o Paulo para tratamento de um c\u00e2ncer de pulm\u00e3o. A informa\u00e7\u00e3o foi confirmada pela assessoria da cantora.<\/p>\n<\/div>\n<div style=\"text-align: justify;\">\n<div class=\"separator\" style=\"clear: both; text-align: center;\">\n<a href=\"https:\/\/4.bp.blogspot.com\/-PapPvOccyCw\/W1ukvuuYSjI\/AAAAAAAA3Nk\/9jLk9gc4wkARzZcx9nFoIP9bsVZO90FUgCLcBGAs\/s1600\/festival.jpg\" imageanchor=\"1\" style=\"margin-left: 1em; margin-right: 1em;\"><img loading=\"lazy\" decoding=\"async\" border=\"0\" data-original-height=\"638\" data-original-width=\"960\" height=\"424\" src=\"http:\/\/blogdoedvaldomagalhaes.com.br\/wp-content\/uploads\/2018\/07\/festival.jpg\" width=\"640\" \/><\/a><\/div>\n<div style=\"text-align: center;\">\nNo Festival da Seresta 2018 do Recife (Foto de Jocelyne Aymon)<\/div>\n<div style=\"text-align: center;\">\n<\/div>\n<\/div>\n<div style=\"text-align: justify;\">\nEm junho, o estado de sa\u00fade da cantora e compositora pernambucana, Maria Dapaz a afastou dos palcos por tempo indeterminado.<\/p>\n<\/div>\n<div style=\"text-align: justify;\">\n<div class=\"separator\" style=\"clear: both; text-align: center;\">\n<a href=\"https:\/\/3.bp.blogspot.com\/-4_xuAdS2YHg\/W1ulkDehvNI\/AAAAAAAA3Ns\/aPlTD5ezxgARK-ClVQnwyvKhlQvCOsn9gCLcBGAs\/s1600\/da%2Bpaz.jpg\" imageanchor=\"1\" style=\"margin-left: 1em; margin-right: 1em;\"><img loading=\"lazy\" decoding=\"async\" border=\"0\" data-original-height=\"960\" data-original-width=\"720\" height=\"640\" src=\"http:\/\/blogdoedvaldomagalhaes.com.br\/wp-content\/uploads\/2018\/07\/dapaz.jpg\" width=\"480\" \/><\/a><\/div>\n<div class=\"separator\" style=\"clear: both; text-align: center;\">\nFoto: Reprodu\u00e7\u00e3o\/Facebook<\/div>\n<p><\/div>\n<div style=\"text-align: justify;\">\nEm 16 de maio, depois da grande apresenta\u00e7\u00e3o no Festival da Seresta em Recife, Maria Dapaz, passou mal e ficou internada cinco dias em S\u00e3o Paulo com pneumonia at\u00edpica. Teve alta para terminar o tratamento em casa.<\/p>\n<\/div>\n<div style=\"text-align: justify;\">\n<div class=\"separator\" style=\"clear: both; text-align: center;\">\n<a href=\"https:\/\/2.bp.blogspot.com\/-nviJ9qj53Gk\/W1ul1iGbyfI\/AAAAAAAA3N0\/3rByQnUsC38Z7JrgaYwvITiQfScCKfExQCLcBGAs\/s1600\/biao.jpg\" imageanchor=\"1\" style=\"margin-left: 1em; margin-right: 1em;\"><img loading=\"lazy\" decoding=\"async\" border=\"0\" data-original-height=\"960\" data-original-width=\"746\" height=\"640\" src=\"http:\/\/blogdoedvaldomagalhaes.com.br\/wp-content\/uploads\/2018\/07\/biao.jpg\" width=\"492\" \/><\/a><\/div>\n<div class=\"separator\" style=\"clear: both; text-align: center;\">\nFoto: Divulga\u00e7\u00e3o<\/div>\n<p><\/div>\n<div style=\"text-align: justify;\">\nMas o problema detectado foi maior: um tumor no pulm\u00e3o do lado esquerdo. \u201cNesse momento, ela est\u00e1 sendo muito bem cuidada, seguindo com exames de praxe no Hospital das Cl\u00ednicas em S\u00e3o Paulo, com uma excelente equipe m\u00e9dica especializada\u201d, informou a nota. O quadro se complicou e ela acabou falecendo esta tarde.<\/p>\n<\/div>\n<div style=\"text-align: justify;\">\n<div class=\"separator\" style=\"clear: both; text-align: center;\">\n<a href=\"https:\/\/4.bp.blogspot.com\/-du9SRJavrX4\/W1umVMO8jMI\/AAAAAAAA3N8\/3CbhDdHr1yIOke2YB-vvcLvS4VvhnlLdACLcBGAs\/s1600\/ela.jpg\" imageanchor=\"1\" style=\"margin-left: 1em; margin-right: 1em;\"><img loading=\"lazy\" decoding=\"async\" border=\"0\" data-original-height=\"1355\" data-original-width=\"1600\" height=\"542\" src=\"http:\/\/blogdoedvaldomagalhaes.com.br\/wp-content\/uploads\/2018\/07\/ela.jpg\" width=\"640\" \/><\/a><\/div>\n<div class=\"separator\" style=\"clear: both; text-align: center;\">\nFoto: Divulga\u00e7\u00e3o<\/div>\n<p><\/div>\n<div style=\"text-align: justify;\">\nMaria Dapaz teve&nbsp; v\u00e1rios discos gravados como \u201cP\u00e1ssaro Carente\u201d,&nbsp; \u201cClareia\u201d e \u201cDa p\u00e1 virada\u201d. Em 1992, Chit\u00e3ozinho e Xoror\u00f3 gravaram a composi\u00e7\u00e3o \u201cBrincar de ser feliz\u201d (Maria da Paz \u2013 Nino), que virou tema da novela \u201cPedra sobre pedra\u201d, da Rede Globo, e foi um grande sucesso. Em 2013 lan\u00e7ou o Cd autoral \u201cOutro Bai\u00e3o\u201d. Ainda n\u00e3o h\u00e1 detalhes sobre vel\u00f3rio e sepultamento. Dentre os \u00faltimos projetos, belas homenagens a Am\u00e1lia Rodrigues.<\/div>\n<div style=\"text-align: justify;\">\n<\/div>\n<div style=\"text-align: justify;\">\nMaria da Paz Sousa nasceu no dia 25 de mar\u00e7o de 1959 em Jaboat\u00e3o dos Guararapes, tinha 59 anos. Ela cresceu em Afogados da Ingazeira. \u201cRecebi em 2011 o titulo de cidad\u00e3 afogadense. Me considero Afogadense, a fam\u00edlia da minha m\u00e3e \u00e9 de l\u00e1\u201d, disse em uma de suas entrevistas. Seu talento para a m\u00fasica come\u00e7ou a ser reconhecido no Cine S\u00e3o Jos\u00e9, nos programas de audit\u00f3rio da R\u00e1dio Paje\u00fa.<\/div>\n<div style=\"text-align: justify;\">\n<br \/>\nFonte: Niil Santos.<\/div>\n","protected":false},"excerpt":{"rendered":"<p>Foto: Dilvuga\u00e7\u00e3o Confirmada a morte da cantora pernambucana Maria Dapaz. Ela estava internada em S\u00e3o Paulo para tratamento de um&hellip;<\/p>\n","protected":false},"author":1,"featured_media":0,"comment_status":"open","ping_status":"open","sticky":false,"template":"","format":"standard","meta":{"footnotes":""},"categories":[1],"tags":[2,1693,6],"class_list":["post-1677","post","type-post","status-publish","format-standard","hentry","category-sem-categoria","tag-blog-do-edvaldo-magalhaes","tag-morre-cantora-pernambucana-maria-dapaz","tag-noticias"],"_links":{"self":[{"href":"https:\/\/blogdoedvaldomagalhaes.com.br\/index.php\/wp-json\/wp\/v2\/posts\/1677","targetHints":{"allow":["GET"]}}],"collection":[{"href":"https:\/\/blogdoedvaldomagalhaes.com.br\/index.php\/wp-json\/wp\/v2\/posts"}],"about":[{"href":"https:\/\/blogdoedvaldomagalhaes.com.br\/index.php\/wp-json\/wp\/v2\/types\/post"}],"author":[{"embeddable":true,"href":"https:\/\/blogdoedvaldomagalhaes.com.br\/index.php\/wp-json\/wp\/v2\/users\/1"}],"replies":[{"embeddable":true,"href":"https:\/\/blogdoedvaldomagalhaes.com.br\/index.php\/wp-json\/wp\/v2\/comments?post=1677"}],"version-history":[{"count":1,"href":"https:\/\/blogdoedvaldomagalhaes.com.br\/index.php\/wp-json\/wp\/v2\/posts\/1677\/revisions"}],"predecessor-version":[{"id":33059,"href":"https:\/\/blogdoedvaldomagalhaes.com.br\/index.php\/wp-json\/wp\/v2\/posts\/1677\/revisions\/33059"}],"wp:attachment":[{"href":"https:\/\/blogdoedvaldomagalhaes.com.br\/index.php\/wp-json\/wp\/v2\/media?parent=1677"}],"wp:term":[{"taxonomy":"category","embeddable":true,"href":"https:\/\/blogdoedvaldomagalhaes.com.br\/index.php\/wp-json\/wp\/v2\/categories?post=1677"},{"taxonomy":"post_tag","embeddable":true,"href":"https:\/\/blogdoedvaldomagalhaes.com.br\/index.php\/wp-json\/wp\/v2\/tags?post=1677"}],"curies":[{"name":"wp","href":"https:\/\/api.w.org\/{rel}","templated":true}]}}