{"id":1676,"date":"2018-07-28T01:44:00","date_gmt":"2018-07-28T04:44:00","guid":{"rendered":"http:\/\/blogdoedvaldomagalhaes.com.br\/index.php\/2018\/07\/28\/carro-derruba-poste-apos-colisao-e\/"},"modified":"2019-02-09T02:26:07","modified_gmt":"2019-02-09T04:26:07","slug":"carro-derruba-poste-apos-colisao-e","status":"publish","type":"post","link":"https:\/\/blogdoedvaldomagalhaes.com.br\/index.php\/2018\/07\/28\/carro-derruba-poste-apos-colisao-e\/","title":{"rendered":"Carro derruba poste ap\u00f3s colis\u00e3o em Caruaru"},"content":{"rendered":"<div class=\"separator\" style=\"clear: both; text-align: center;\">\n<a href=\"https:\/\/2.bp.blogspot.com\/-aIhi_q5ucrs\/W1vKGrVzVOI\/AAAAAAAA3OM\/AHovsJoCj_4vO4vvsNqYHDu0J6pw4dOjACLcBGAs\/s1600\/IMG-20180727-WA0347.jpg\" imageanchor=\"1\" style=\"margin-left: 1em; margin-right: 1em;\"><img loading=\"lazy\" decoding=\"async\" border=\"0\" data-original-height=\"640\" data-original-width=\"1280\" height=\"320\" src=\"http:\/\/blogdoedvaldomagalhaes.com.br\/wp-content\/uploads\/2018\/07\/IMG-20180727-WA0347.jpg\" width=\"640\" \/><\/a><\/div>\n<div class=\"separator\" style=\"clear: both; text-align: center;\">\n<\/div>\n<div class=\"separator\" style=\"clear: both; text-align: center;\">\n<a href=\"https:\/\/4.bp.blogspot.com\/-yPq4KglZk_s\/W1vQja-fdqI\/AAAAAAAA3OY\/XSNkIXqZpK0MFCTgG3Y4oOUdRmQU6nMLQCLcBGAs\/s1600\/4.jpg\" imageanchor=\"1\" style=\"margin-left: 1em; margin-right: 1em;\"><img loading=\"lazy\" decoding=\"async\" border=\"0\" data-original-height=\"720\" data-original-width=\"960\" height=\"480\" src=\"http:\/\/blogdoedvaldomagalhaes.com.br\/wp-content\/uploads\/2018\/07\/4-3.jpg\" width=\"640\" \/><\/a><\/div>\n<p><\/p>\n<div class=\"separator\" style=\"clear: both; text-align: center;\">\n<a href=\"https:\/\/2.bp.blogspot.com\/-2hq3cOHMjgk\/W1vQkkbAAsI\/AAAAAAAA3Oc\/bbOvcpX-yiImFHwckhTlvzKp7SkopdTDwCLcBGAs\/s1600\/3.jpg\" imageanchor=\"1\" style=\"margin-left: 1em; margin-right: 1em;\"><img loading=\"lazy\" decoding=\"async\" border=\"0\" data-original-height=\"720\" data-original-width=\"960\" height=\"480\" src=\"http:\/\/blogdoedvaldomagalhaes.com.br\/wp-content\/uploads\/2018\/07\/3-5.jpg\" width=\"640\" \/><\/a><\/div>\n<div class=\"separator\" style=\"clear: both; text-align: center;\">\nFotos e v\u00eddeo: Reprodu\u00e7\u00e3o\/Whatsapp&nbsp;<\/div>\n<div class=\"separator\" style=\"clear: both; text-align: center;\">\n<\/div>\n<div class=\"separator\" style=\"clear: both; text-align: justify;\">\nO acidente ocorreu na noite desta sexta-feira (27), na avenida Lourival Jos\u00e9 da Silva, no centro de Caruaru. O condutor de ve\u00edculo Toyota Hilux de placas HXD-7381-Macei\u00f3-AL, perdeu o controle e colidiu no poste de ilumina\u00e7\u00e3o p\u00fablica nas proximidades da F\u00e1brica da Moda. O poste caiu por cima do ve\u00edculo e deixou algumas ruas do centro da cidade sem energia, como tamb\u00e9m boa parte do bairro Petr\u00f3polis.&nbsp;<\/div>\n<div class=\"separator\" style=\"clear: both; text-align: justify;\">\n<\/div>\n<div class=\"separator\" style=\"clear: both; text-align: justify;\">\nDe acordo com informa\u00e7\u00f5es, o motorista foi levado para a Delegacia de Plant\u00e3o pela Guarda Municipal, e antes desse acidente, ele teria colidido em uma \u00e1rvore na avenida Joaquim Nabuco, no bairro Divin\u00f3polis.<\/div>\n<div class=\"separator\" style=\"clear: both; text-align: justify;\">\n<\/div>\n<div style=\"text-align: center;\">\n<\/div>\n","protected":false},"excerpt":{"rendered":"<p>Fotos e v\u00eddeo: Reprodu\u00e7\u00e3o\/Whatsapp&nbsp; O acidente ocorreu na noite desta sexta-feira (27), na avenida Lourival Jos\u00e9 da Silva, no centro&hellip;<\/p>\n","protected":false},"author":1,"featured_media":0,"comment_status":"open","ping_status":"open","sticky":false,"template":"","format":"standard","meta":{"footnotes":""},"categories":[1],"tags":[2,1692,6],"class_list":["post-1676","post","type-post","status-publish","format-standard","hentry","category-sem-categoria","tag-blog-do-edvaldo-magalhaes","tag-carro-derruba-poste-apos-colisao-em-caruaru","tag-noticias"],"_links":{"self":[{"href":"https:\/\/blogdoedvaldomagalhaes.com.br\/index.php\/wp-json\/wp\/v2\/posts\/1676","targetHints":{"allow":["GET"]}}],"collection":[{"href":"https:\/\/blogdoedvaldomagalhaes.com.br\/index.php\/wp-json\/wp\/v2\/posts"}],"about":[{"href":"https:\/\/blogdoedvaldomagalhaes.com.br\/index.php\/wp-json\/wp\/v2\/types\/post"}],"author":[{"embeddable":true,"href":"https:\/\/blogdoedvaldomagalhaes.com.br\/index.php\/wp-json\/wp\/v2\/users\/1"}],"replies":[{"embeddable":true,"href":"https:\/\/blogdoedvaldomagalhaes.com.br\/index.php\/wp-json\/wp\/v2\/comments?post=1676"}],"version-history":[{"count":1,"href":"https:\/\/blogdoedvaldomagalhaes.com.br\/index.php\/wp-json\/wp\/v2\/posts\/1676\/revisions"}],"predecessor-version":[{"id":33063,"href":"https:\/\/blogdoedvaldomagalhaes.com.br\/index.php\/wp-json\/wp\/v2\/posts\/1676\/revisions\/33063"}],"wp:attachment":[{"href":"https:\/\/blogdoedvaldomagalhaes.com.br\/index.php\/wp-json\/wp\/v2\/media?parent=1676"}],"wp:term":[{"taxonomy":"category","embeddable":true,"href":"https:\/\/blogdoedvaldomagalhaes.com.br\/index.php\/wp-json\/wp\/v2\/categories?post=1676"},{"taxonomy":"post_tag","embeddable":true,"href":"https:\/\/blogdoedvaldomagalhaes.com.br\/index.php\/wp-json\/wp\/v2\/tags?post=1676"}],"curies":[{"name":"wp","href":"https:\/\/api.w.org\/{rel}","templated":true}]}}