{"id":1675,"date":"2018-07-28T08:00:00","date_gmt":"2018-07-28T11:00:00","guid":{"rendered":"http:\/\/blogdoedvaldomagalhaes.com.br\/index.php\/2018\/07\/28\/sesc-caruaru-com-matriculas-abertas\/"},"modified":"2019-02-09T02:26:08","modified_gmt":"2019-02-09T04:26:08","slug":"sesc-caruaru-com-matriculas-abertas","status":"publish","type":"post","link":"https:\/\/blogdoedvaldomagalhaes.com.br\/index.php\/2018\/07\/28\/sesc-caruaru-com-matriculas-abertas\/","title":{"rendered":"Sesc Caruaru com matr\u00edculas abertas para a EJA"},"content":{"rendered":"<div class=\"separator\" style=\"clear: both; text-align: center;\">\n<a href=\"https:\/\/2.bp.blogspot.com\/-OCplmojlDFI\/W1uWq4y6KwI\/AAAAAAAA3Mo\/61BLKVBvuII7GrJMScSSsL-gh8kJ8EuJgCLcBGAs\/s1600\/sesc.JPG\" imageanchor=\"1\" style=\"margin-left: 1em; margin-right: 1em;\"><img loading=\"lazy\" decoding=\"async\" border=\"0\" data-original-height=\"1067\" data-original-width=\"1600\" height=\"426\" src=\"http:\/\/blogdoedvaldomagalhaes.com.br\/wp-content\/uploads\/2018\/07\/sesc-3.jpg\" width=\"640\" \/><\/a><\/div>\n<div style=\"text-align: justify;\">\n<\/div>\n<div style=\"text-align: justify;\">\nJovens e adultos que ainda n\u00e3o conclu\u00edram os ensinos fundamental e m\u00e9dio ter\u00e3o a oportunidade de vencer essa importante e necess\u00e1ria etapa da vida escolar. \u00c9 que o Sesc Caruaru est\u00e1 com matr\u00edculas abertas para a Educa\u00e7\u00e3o de Jovens e Adultos (EJA), que podem ser feitas at\u00e9 o dia 17 de agosto.<\/div>\n<div style=\"text-align: justify;\">\n<\/div>\n<div style=\"text-align: justify;\">\nAs aulas ser\u00e3o iniciadas na pr\u00f3xima segunda-feira (30\/7). Cabe lembrar que s\u00f3 podem participar da EJA fundamental (1\u00ba ao 9\u00ba ano), adolescentes que j\u00e1 tenham 15 anos completos. Para participar do ensino m\u00e9dio (1\u00ba ao 3\u00ba ano), \u00e9 necess\u00e1rio que o interessado tenha 18 anos completos. As aulas ser\u00e3o realizadas de segunda a sexta, sendo que o fundamental ocorrer\u00e1 sempre das 18h30 \u00e0s 22h, enquanto o m\u00e9dio ter\u00e1 turmas \u00e0 tarde (das 13h30 \u00e0s 17h30) e \u00e0 noite (das 18h30 \u00e0s 22h).<\/div>\n<div style=\"text-align: justify;\">\n<\/div>\n<div style=\"text-align: justify;\">\nPara se matricular \u00e9 necess\u00e1rio que o interessado se dirija ao Ponto de Relacionamento da Unidade com os documentos pessoais: Carteira de Identidade, CPF, certid\u00e3o de nascimento ou casamento, comprovante de resid\u00eancia, uma foto 3&#215;4 e o hist\u00f3rico escolar original. A inscri\u00e7\u00e3o e mensalidade custam R$ 100 para o p\u00fablico geral. Trabalhadores do com\u00e9rcio de bens, servi\u00e7os e turismo t\u00eam desconto e pagam R$ 50.<\/div>\n<div style=\"text-align: justify;\">\n<\/div>\n<div style=\"text-align: justify;\">\n&nbsp;<\/div>\n","protected":false},"excerpt":{"rendered":"<p>Jovens e adultos que ainda n\u00e3o conclu\u00edram os ensinos fundamental e m\u00e9dio ter\u00e3o a oportunidade de vencer essa importante e&hellip;<\/p>\n","protected":false},"author":1,"featured_media":0,"comment_status":"open","ping_status":"open","sticky":false,"template":"","format":"standard","meta":{"footnotes":""},"categories":[1],"tags":[2,6,1691],"class_list":["post-1675","post","type-post","status-publish","format-standard","hentry","category-sem-categoria","tag-blog-do-edvaldo-magalhaes","tag-noticias","tag-sesc-caruaru-com-matriculas-abertas-para-a-eja"],"_links":{"self":[{"href":"https:\/\/blogdoedvaldomagalhaes.com.br\/index.php\/wp-json\/wp\/v2\/posts\/1675","targetHints":{"allow":["GET"]}}],"collection":[{"href":"https:\/\/blogdoedvaldomagalhaes.com.br\/index.php\/wp-json\/wp\/v2\/posts"}],"about":[{"href":"https:\/\/blogdoedvaldomagalhaes.com.br\/index.php\/wp-json\/wp\/v2\/types\/post"}],"author":[{"embeddable":true,"href":"https:\/\/blogdoedvaldomagalhaes.com.br\/index.php\/wp-json\/wp\/v2\/users\/1"}],"replies":[{"embeddable":true,"href":"https:\/\/blogdoedvaldomagalhaes.com.br\/index.php\/wp-json\/wp\/v2\/comments?post=1675"}],"version-history":[{"count":1,"href":"https:\/\/blogdoedvaldomagalhaes.com.br\/index.php\/wp-json\/wp\/v2\/posts\/1675\/revisions"}],"predecessor-version":[{"id":33065,"href":"https:\/\/blogdoedvaldomagalhaes.com.br\/index.php\/wp-json\/wp\/v2\/posts\/1675\/revisions\/33065"}],"wp:attachment":[{"href":"https:\/\/blogdoedvaldomagalhaes.com.br\/index.php\/wp-json\/wp\/v2\/media?parent=1675"}],"wp:term":[{"taxonomy":"category","embeddable":true,"href":"https:\/\/blogdoedvaldomagalhaes.com.br\/index.php\/wp-json\/wp\/v2\/categories?post=1675"},{"taxonomy":"post_tag","embeddable":true,"href":"https:\/\/blogdoedvaldomagalhaes.com.br\/index.php\/wp-json\/wp\/v2\/tags?post=1675"}],"curies":[{"name":"wp","href":"https:\/\/api.w.org\/{rel}","templated":true}]}}