{"id":1674,"date":"2018-07-28T08:30:00","date_gmt":"2018-07-28T11:30:00","guid":{"rendered":"http:\/\/blogdoedvaldomagalhaes.com.br\/index.php\/2018\/07\/28\/inscricoes-abertas-para-o-1-coloquio-de\/"},"modified":"2019-02-09T02:26:09","modified_gmt":"2019-02-09T04:26:09","slug":"inscricoes-abertas-para-o-1-coloquio-de","status":"publish","type":"post","link":"https:\/\/blogdoedvaldomagalhaes.com.br\/index.php\/2018\/07\/28\/inscricoes-abertas-para-o-1-coloquio-de\/","title":{"rendered":"Inscri\u00e7\u00f5es abertas para o 1\u00ba Col\u00f3quio de Fotografia de Caruaru"},"content":{"rendered":"<div class=\"separator\" style=\"clear: both; text-align: center;\">\n<a href=\"https:\/\/2.bp.blogspot.com\/-WI-OoD1B-8A\/W1uXRFQ-WjI\/AAAAAAAA3Mw\/her3BrjSG0ckZmWIb12CluzS0UcZa4EoQCLcBGAs\/s1600\/1.jpg\" imageanchor=\"1\" style=\"margin-left: 1em; margin-right: 1em;\"><img loading=\"lazy\" decoding=\"async\" border=\"0\" data-original-height=\"609\" data-original-width=\"1600\" height=\"242\" src=\"http:\/\/blogdoedvaldomagalhaes.com.br\/wp-content\/uploads\/2018\/07\/1-12.jpg\" width=\"640\" \/><\/a><\/div>\n<div style=\"text-align: justify;\">\n<\/div>\n<div style=\"text-align: justify;\">\nEst\u00e3o abertas as inscri\u00e7\u00f5es para o Col\u00f3quio de Fotografia de Caruaru, o primeiro grande evento de di\u00e1logo sobre Fotografia no Agreste. O evento acontecer\u00e1 de 15 a 17 de agosto, e tem por intuito discutir, analisar e propor desenvolvimento de ideias inovadoras ao mercado e \u00e0 cena fotogr\u00e1fica da regi\u00e3o.<\/div>\n<div style=\"text-align: justify;\">\n<\/div>\n<div style=\"text-align: justify;\">\nA programa\u00e7\u00e3o, gratuita e aberta ao p\u00fablico, explora temas como Fotografia de Arte, Fotojornalismo e incentivo p\u00fablico para projetos da \u00e1rea. As Mesas de Debate acontecem no audit\u00f3rio do Centro Universit\u00e1rio Tabosa de Almeida (ASCES &#8211; UNITA) e contam com recursos de acessibilidade &#8211; interpreta\u00e7\u00e3o em libras, rampas, piso t\u00e1til e estrutura acess\u00edvel. J\u00e1 no Armaz\u00e9m da Criatividade haver\u00e1 leituras de portf\u00f3lio para orientar e provocar reflex\u00f5es sobre trabalhos de destaque no interior do Estado.&nbsp;<\/div>\n<div style=\"text-align: justify;\">\n<\/div>\n<div style=\"text-align: justify;\">\nO evento conta ainda com a participa\u00e7\u00e3o de convidados, agentes da cadeia fotogr\u00e1fica tanto do Agreste quanto de outras localidades &#8211; os fotojornalistas Alexandre Bel\u00e9m, Arnaldo Carvalho, Breno Laprov\u00edtera e Roberta Guimar\u00e3es; o artista visual Carlos Melo; a produtora cultural Mariana Lima; os fot\u00f3grafos e professores universit\u00e1rios Eduardo Queiroga (AESO Barros Melo) e Di\u00f3genes Barbosa (ASCES \u2013 UNITA); e os representantes do Fotoclube A Feira, grupo fotogr\u00e1fico de destaque na cena caruaruense.<\/div>\n<div style=\"text-align: justify;\">\n<\/div>\n<div class=\"separator\" style=\"clear: both; text-align: center;\">\n<a href=\"https:\/\/2.bp.blogspot.com\/-0HzxfgYn-wM\/W1uXWpce5BI\/AAAAAAAA3M0\/SDxhjuClo78D96tujLqeiLQjTxCcvkESwCLcBGAs\/s1600\/2.jpg\" imageanchor=\"1\" style=\"margin-left: 1em; margin-right: 1em;\"><img loading=\"lazy\" decoding=\"async\" border=\"0\" data-original-height=\"1081\" data-original-width=\"1081\" height=\"640\" src=\"http:\/\/blogdoedvaldomagalhaes.com.br\/wp-content\/uploads\/2018\/07\/2-6.jpg\" width=\"640\" \/><\/a><\/div>\n<div style=\"text-align: justify;\">\n<\/div>\n<div style=\"text-align: justify;\">\nA iniciativa \u00e9 aberta tanto a profissionais quanto a amadores, e at\u00e9 mesmo a pessoas de outras \u00e1reas que tenham interesse em conhecer mais sobre o universo da Fotografia.&#8221;Queremos que fot\u00f3grafos que atuam no interior tenham mais visibilidade e reconhecimento, como tamb\u00e9m que pessoas de outras \u00e1reas possam enxergar a Fotografia como profiss\u00e3o, arte, conceito, narrativa&#8230; Um movimento para tornar a Fotografia mais presente e mais forte\u201d, explica o fot\u00f3grafo Geyson Magno, idealizador do evento.<\/div>\n<div style=\"text-align: justify;\">\n<\/div>\n<div style=\"text-align: justify;\">\nAs inscri\u00e7\u00f5es est\u00e3o abertas e podem ser realizadas atrav\u00e9s de preenchimento de formul\u00e1rio dispon\u00edvel em www.coloquiodefotografia.com.br. No site tamb\u00e9m est\u00e1 dispon\u00edvel a programa\u00e7\u00e3o completa e detalhada. D\u00favidas ou mais informa\u00e7\u00f5es: coloquiodefotografia@gmail.com. Acompanhe novidades e informa\u00e7\u00f5es sobre o evento no Facebook e no Instagram: @coloquiodefotografiadecaruaru.&nbsp;<\/div>\n<div style=\"text-align: justify;\">\n<\/div>\n","protected":false},"excerpt":{"rendered":"<p>Est\u00e3o abertas as inscri\u00e7\u00f5es para o Col\u00f3quio de Fotografia de Caruaru, o primeiro grande evento de di\u00e1logo sobre Fotografia no&hellip;<\/p>\n","protected":false},"author":1,"featured_media":0,"comment_status":"open","ping_status":"open","sticky":false,"template":"","format":"standard","meta":{"footnotes":""},"categories":[1],"tags":[2,1690,6],"class_list":["post-1674","post","type-post","status-publish","format-standard","hentry","category-sem-categoria","tag-blog-do-edvaldo-magalhaes","tag-inscricoes-abertas-para-o-1o-coloquio-de-fotografia-de-caruaru","tag-noticias"],"_links":{"self":[{"href":"https:\/\/blogdoedvaldomagalhaes.com.br\/index.php\/wp-json\/wp\/v2\/posts\/1674","targetHints":{"allow":["GET"]}}],"collection":[{"href":"https:\/\/blogdoedvaldomagalhaes.com.br\/index.php\/wp-json\/wp\/v2\/posts"}],"about":[{"href":"https:\/\/blogdoedvaldomagalhaes.com.br\/index.php\/wp-json\/wp\/v2\/types\/post"}],"author":[{"embeddable":true,"href":"https:\/\/blogdoedvaldomagalhaes.com.br\/index.php\/wp-json\/wp\/v2\/users\/1"}],"replies":[{"embeddable":true,"href":"https:\/\/blogdoedvaldomagalhaes.com.br\/index.php\/wp-json\/wp\/v2\/comments?post=1674"}],"version-history":[{"count":1,"href":"https:\/\/blogdoedvaldomagalhaes.com.br\/index.php\/wp-json\/wp\/v2\/posts\/1674\/revisions"}],"predecessor-version":[{"id":33068,"href":"https:\/\/blogdoedvaldomagalhaes.com.br\/index.php\/wp-json\/wp\/v2\/posts\/1674\/revisions\/33068"}],"wp:attachment":[{"href":"https:\/\/blogdoedvaldomagalhaes.com.br\/index.php\/wp-json\/wp\/v2\/media?parent=1674"}],"wp:term":[{"taxonomy":"category","embeddable":true,"href":"https:\/\/blogdoedvaldomagalhaes.com.br\/index.php\/wp-json\/wp\/v2\/categories?post=1674"},{"taxonomy":"post_tag","embeddable":true,"href":"https:\/\/blogdoedvaldomagalhaes.com.br\/index.php\/wp-json\/wp\/v2\/tags?post=1674"}],"curies":[{"name":"wp","href":"https:\/\/api.w.org\/{rel}","templated":true}]}}