{"id":1671,"date":"2018-07-29T14:04:00","date_gmt":"2018-07-29T17:04:00","guid":{"rendered":"http:\/\/blogdoedvaldomagalhaes.com.br\/index.php\/2018\/07\/29\/acusados-de-clonagem-de-veiculos-sao\/"},"modified":"2019-02-09T02:26:17","modified_gmt":"2019-02-09T04:26:17","slug":"acusados-de-clonagem-de-veiculos-sao","status":"publish","type":"post","link":"https:\/\/blogdoedvaldomagalhaes.com.br\/index.php\/2018\/07\/29\/acusados-de-clonagem-de-veiculos-sao\/","title":{"rendered":"Acusados de clonagem de ve\u00edculos s\u00e3o presos em Caruaru"},"content":{"rendered":"<div class=\"separator\" style=\"clear: both; text-align: center;\">\n<a href=\"https:\/\/1.bp.blogspot.com\/-gjn3OiD2Qyc\/W13IHRoLfsI\/AAAAAAAA3Rw\/6w1hCbOCluEetBf7vDK_2BXU1h2ebRvdACLcBGAs\/s1600\/carro.jpeg\" imageanchor=\"1\" style=\"margin-left: 1em; margin-right: 1em;\"><img loading=\"lazy\" decoding=\"async\" border=\"0\" data-original-height=\"225\" data-original-width=\"300\" height=\"480\" src=\"http:\/\/blogdoedvaldomagalhaes.com.br\/wp-content\/uploads\/2018\/07\/carro.jpeg\" width=\"640\" \/><\/a><\/div>\n<div style=\"text-align: center;\">\nFoto: Reprodu\u00e7\u00e3o\/WhatsApp<\/div>\n<div style=\"text-align: center;\">\n<\/div>\n<div style=\"background-color: white; box-sizing: border-box; line-height: 24px; margin-bottom: 10px; text-align: justify;\">\nNa noite desse s\u00e1bado (28), a Pol\u00edcia Militar prendeu tr\u00eas homens acusados de clonar placas de ve\u00edculos em uma resid\u00eancia no bairro Santa Rosa em Caruaru, Agreste pernambucano. Um carro foi recuperado no momento em que os acusados realizavam a clonagem. Anderson da Silva, Jos\u00e9 Edvaldo da Silva e Jos\u00e9 Diego da Silva foram presos e encaminhados \u00e0 Delegacia de Plant\u00e3o.<\/div>\n<div style=\"text-align: center;\">\n<\/div>\n<div class=\"sharedaddy sd-sharing-enabled\" style=\"background-color: white; box-sizing: border-box; clear: both; color: #333333; text-align: start;\">\n<\/div>\n<div class=\"separator\" style=\"clear: both; text-align: center;\">\n<a href=\"https:\/\/3.bp.blogspot.com\/-uCSizPtdxlw\/W13Q1u_jciI\/AAAAAAAA3SU\/XhFEYKRsv1MXzTMwF58IOcktyY7DqUeKACLcBGAs\/s1600\/placas%2B1.jpg\" imageanchor=\"1\" style=\"margin-left: 1em; margin-right: 1em;\"><img loading=\"lazy\" decoding=\"async\" border=\"0\" data-original-height=\"539\" data-original-width=\"960\" height=\"354\" src=\"http:\/\/blogdoedvaldomagalhaes.com.br\/wp-content\/uploads\/2018\/07\/placas1.jpg\" width=\"640\" \/><\/a><\/div>\n<p><\/p>\n<div style=\"-webkit-text-stroke-width: 0px; background-color: white; box-sizing: border-box; color: black; font-style: normal; font-variant-caps: normal; font-variant-ligatures: normal; font-weight: 400; letter-spacing: normal; line-height: 24px; margin: 0px 0px 10px; orphans: 2; text-align: justify; text-decoration-color: initial; text-decoration-style: initial; text-indent: 0px; text-transform: none; white-space: normal; widows: 2; word-spacing: 0px;\">\nDe acordo com informa\u00e7\u00f5es dos moradores, os acusados haviam se mudado para a resid\u00eancia h\u00e1 menos de uma semana. Um policial que estava de folga identificou atitude suspeita e pediu refor\u00e7o da Rocam e equipe do GATI.<\/p>\n<div class=\"separator\" style=\"clear: both; text-align: center;\">\n<a href=\"https:\/\/2.bp.blogspot.com\/-jwd6K-g-OrA\/W13Q9TgQ98I\/AAAAAAAA3SY\/2vZZu7oJjqEpRszZXbgyQgOC45m7bvlcQCLcBGAs\/s1600\/placas.jpg\" imageanchor=\"1\" style=\"margin-left: 1em; margin-right: 1em;\"><img loading=\"lazy\" decoding=\"async\" border=\"0\" data-original-height=\"539\" data-original-width=\"960\" height=\"354\" src=\"http:\/\/blogdoedvaldomagalhaes.com.br\/wp-content\/uploads\/2018\/07\/placas.jpg\" width=\"640\" \/><\/a><\/div>\n<p><\/div>\n","protected":false},"excerpt":{"rendered":"<p>Foto: Reprodu\u00e7\u00e3o\/WhatsApp Na noite desse s\u00e1bado (28), a Pol\u00edcia Militar prendeu tr\u00eas homens acusados de clonar placas de ve\u00edculos em&hellip;<\/p>\n","protected":false},"author":1,"featured_media":0,"comment_status":"open","ping_status":"open","sticky":false,"template":"","format":"standard","meta":{"footnotes":""},"categories":[1],"tags":[1688,2,13],"class_list":["post-1671","post","type-post","status-publish","format-standard","hentry","category-sem-categoria","tag-acusados-de-clonagem-de-veiculos-sao-presos-em-caruaru","tag-blog-do-edvaldo-magalhaes","tag-policial"],"_links":{"self":[{"href":"https:\/\/blogdoedvaldomagalhaes.com.br\/index.php\/wp-json\/wp\/v2\/posts\/1671","targetHints":{"allow":["GET"]}}],"collection":[{"href":"https:\/\/blogdoedvaldomagalhaes.com.br\/index.php\/wp-json\/wp\/v2\/posts"}],"about":[{"href":"https:\/\/blogdoedvaldomagalhaes.com.br\/index.php\/wp-json\/wp\/v2\/types\/post"}],"author":[{"embeddable":true,"href":"https:\/\/blogdoedvaldomagalhaes.com.br\/index.php\/wp-json\/wp\/v2\/users\/1"}],"replies":[{"embeddable":true,"href":"https:\/\/blogdoedvaldomagalhaes.com.br\/index.php\/wp-json\/wp\/v2\/comments?post=1671"}],"version-history":[{"count":1,"href":"https:\/\/blogdoedvaldomagalhaes.com.br\/index.php\/wp-json\/wp\/v2\/posts\/1671\/revisions"}],"predecessor-version":[{"id":33085,"href":"https:\/\/blogdoedvaldomagalhaes.com.br\/index.php\/wp-json\/wp\/v2\/posts\/1671\/revisions\/33085"}],"wp:attachment":[{"href":"https:\/\/blogdoedvaldomagalhaes.com.br\/index.php\/wp-json\/wp\/v2\/media?parent=1671"}],"wp:term":[{"taxonomy":"category","embeddable":true,"href":"https:\/\/blogdoedvaldomagalhaes.com.br\/index.php\/wp-json\/wp\/v2\/categories?post=1671"},{"taxonomy":"post_tag","embeddable":true,"href":"https:\/\/blogdoedvaldomagalhaes.com.br\/index.php\/wp-json\/wp\/v2\/tags?post=1671"}],"curies":[{"name":"wp","href":"https:\/\/api.w.org\/{rel}","templated":true}]}}