{"id":1666,"date":"2018-07-29T23:03:00","date_gmt":"2018-07-30T02:03:00","guid":{"rendered":"http:\/\/blogdoedvaldomagalhaes.com.br\/index.php\/2018\/07\/29\/paulo-camara-recebe-apoio-dos-tres\/"},"modified":"2019-02-09T02:26:20","modified_gmt":"2019-02-09T04:26:20","slug":"paulo-camara-recebe-apoio-dos-tres","status":"publish","type":"post","link":"https:\/\/blogdoedvaldomagalhaes.com.br\/index.php\/2018\/07\/29\/paulo-camara-recebe-apoio-dos-tres\/","title":{"rendered":"Paulo C\u00e2mara recebe apoio dos tr\u00eas maiores grupos pol\u00edticos de Pesqueira"},"content":{"rendered":"<div class=\"separator\" style=\"clear: both; text-align: center;\">\n<a href=\"https:\/\/3.bp.blogspot.com\/-rE56er-fyU4\/W15HsAeJ82I\/AAAAAAAA3Tw\/gUVi-w49-70NIqv2EvrZnoNpMemuY6kFQCLcBGAs\/s1600\/paulo.jpg\" imageanchor=\"1\" style=\"margin-left: 1em; margin-right: 1em;\"><img loading=\"lazy\" decoding=\"async\" border=\"0\" data-original-height=\"682\" data-original-width=\"1024\" height=\"426\" src=\"http:\/\/blogdoedvaldomagalhaes.com.br\/wp-content\/uploads\/2018\/07\/paulo.jpg\" width=\"640\" \/><\/a><\/div>\n<div style=\"background-color: white; box-sizing: border-box; line-height: 24px; margin-bottom: 10px; text-align: justify;\">\n<\/div>\n<div style=\"background-color: white; box-sizing: border-box; line-height: 24px; margin-bottom: 10px; text-align: justify;\">\nPr\u00e9-candidato \u00e0 reelei\u00e7\u00e3o, o governador Paulo C\u00e2mara (PSB) recebeu o apoio dos tr\u00eas maiores grupos pol\u00edticos do munic\u00edpio de Pesqueira, no Agreste, neste s\u00e1bado (28). Ao visitar a cidade, Paulo C\u00e2mara foi recebido pela prefeita Maria Jos\u00e9 (PRP), pelo ex-candidato a prefeito nas \u00faltimas elei\u00e7\u00f5es, Evando J\u00fanior (PROS), e por Dr. Vanbrugh S\u00e1 (PROS), pr\u00e9-candidato a deputado estadual.<\/div>\n<div style=\"background-color: white; box-sizing: border-box; line-height: 24px; margin-bottom: 10px; text-align: justify;\">\nA prefeita Maria Jos\u00e9, acompanhada do esposo, o deputado estadual Jo\u00e3o Eudes (PP), ofereceu almo\u00e7o ao governador e agradeceu a aten\u00e7\u00e3o com Pesqueira. \u201cDesde o in\u00edcio do nosso mandato eu estou junto com o governador. Eu tenho trabalhado e vendo a seriedade dele. Est\u00e1 organizando o Estado na seguran\u00e7a, no financeiro e tem responsabilidade com os funcion\u00e1rios. A gente tem que estar junto, unir for\u00e7as para fazer Pernambuco se desenvolver mais\u201d, declarou a gestora.<\/div>\n<div style=\"background-color: white; box-sizing: border-box; line-height: 24px; margin-bottom: 10px; text-align: justify;\">\nAp\u00f3s almo\u00e7ar com Maria Jos\u00e9, Paulo C\u00e2mara fez uma visita a Dr. Vanbrugh, que foi vice-prefeito de Pesqueira e \u00e9 filiado ao PROS.&nbsp; O encontro reuniu lideran\u00e7as de cidades vizinhas, como os ex-prefeitos de Belo Jardim, Jo\u00e3o Mendon\u00e7a, e de Po\u00e7\u00e3o, Padre Cazuza, al\u00e9m dos deputados estaduais Laura Gomes e Nilton Mota. \u201cA gente tem que pensar em pol\u00edtica de forma coletiva e com responsabilidade. Ele mostrou sua responsabilidade e compet\u00eancia. Uma pessoa que reconhece os erros e ajusta. Meu apoio nessa elei\u00e7\u00e3o \u00e9 para ele. Temos que trabalhar na pol\u00edtica com pessoas s\u00e9rias e pensando num movimento coletivo e n\u00e3o individual\u201d, destacou Vanbrugh.<\/div>\n<div style=\"background-color: white; box-sizing: border-box; line-height: 24px; margin-bottom: 10px; text-align: justify;\">\nOutra lideran\u00e7a do PROS na cidade, o ex-candidato a prefeito Evando J\u00fanior, recepcionou o governador Paulo C\u00e2mara juntamente com o deputado Waldemar Borges (PSB) e os vereadores Paulo Campos, Naldo Paz e Bal de Mimoso. \u201cApoio Paulo pelo trabalho que ele tem feito no Estado, pelo equil\u00edbrio fiscal. A gente v\u00ea outros estados com dificuldades e aqui estamos no caminho certo. Vemos os recursos h\u00eddricos chegando aqui e \u00e9 por isso que eu apoio Paulo\u201d, afirmou Evando J\u00fanior.<\/div>\n<div style=\"background-color: white; box-sizing: border-box; line-height: 24px; margin-bottom: 10px; text-align: justify;\">\nPaulo C\u00e2mara agradeceu aos tr\u00eas maiores grupos pol\u00edticos de Pesqueira e reafirmou seu compromisso com o desenvolvimento do munic\u00edpio. \u201cPesqueira tem uma contribui\u00e7\u00e3o importante na regi\u00e3o e faz pol\u00edtica com gente muito s\u00e9ria. A gente tem satisfa\u00e7\u00e3o de ter o apoio de muitas frentes pol\u00edticas e a gente vai dar aten\u00e7\u00e3o a Pesqueira como faz com outros munic\u00edpios e com a vontade que a cidade se desenvolva com essas &nbsp; for\u00e7as que confiam no nosso trabalho porque sabem que \u00e9 um governo s\u00e9rio, transparente, que trabalha muito, que melhorou a Educa\u00e7\u00e3o, a seguran\u00e7a, com grandes investimentos, e est\u00e1 fazendo a diferen\u00e7a. Num momento t\u00e3o dif\u00edcil, Pernambuco est\u00e1 fazendo a diferen\u00e7a\u201d, pontuou l\u00edder socialista.<\/div>\n","protected":false},"excerpt":{"rendered":"<p>Pr\u00e9-candidato \u00e0 reelei\u00e7\u00e3o, o governador Paulo C\u00e2mara (PSB) recebeu o apoio dos tr\u00eas maiores grupos pol\u00edticos do munic\u00edpio de Pesqueira,&hellip;<\/p>\n","protected":false},"author":1,"featured_media":0,"comment_status":"open","ping_status":"open","sticky":false,"template":"","format":"standard","meta":{"footnotes":""},"categories":[1],"tags":[2,1682,20],"class_list":["post-1666","post","type-post","status-publish","format-standard","hentry","category-sem-categoria","tag-blog-do-edvaldo-magalhaes","tag-paulo-camara-recebe-apoio-dos-tres-maiores-grupos-politicos-de-pesqueira","tag-politica"],"_links":{"self":[{"href":"https:\/\/blogdoedvaldomagalhaes.com.br\/index.php\/wp-json\/wp\/v2\/posts\/1666","targetHints":{"allow":["GET"]}}],"collection":[{"href":"https:\/\/blogdoedvaldomagalhaes.com.br\/index.php\/wp-json\/wp\/v2\/posts"}],"about":[{"href":"https:\/\/blogdoedvaldomagalhaes.com.br\/index.php\/wp-json\/wp\/v2\/types\/post"}],"author":[{"embeddable":true,"href":"https:\/\/blogdoedvaldomagalhaes.com.br\/index.php\/wp-json\/wp\/v2\/users\/1"}],"replies":[{"embeddable":true,"href":"https:\/\/blogdoedvaldomagalhaes.com.br\/index.php\/wp-json\/wp\/v2\/comments?post=1666"}],"version-history":[{"count":1,"href":"https:\/\/blogdoedvaldomagalhaes.com.br\/index.php\/wp-json\/wp\/v2\/posts\/1666\/revisions"}],"predecessor-version":[{"id":33095,"href":"https:\/\/blogdoedvaldomagalhaes.com.br\/index.php\/wp-json\/wp\/v2\/posts\/1666\/revisions\/33095"}],"wp:attachment":[{"href":"https:\/\/blogdoedvaldomagalhaes.com.br\/index.php\/wp-json\/wp\/v2\/media?parent=1666"}],"wp:term":[{"taxonomy":"category","embeddable":true,"href":"https:\/\/blogdoedvaldomagalhaes.com.br\/index.php\/wp-json\/wp\/v2\/categories?post=1666"},{"taxonomy":"post_tag","embeddable":true,"href":"https:\/\/blogdoedvaldomagalhaes.com.br\/index.php\/wp-json\/wp\/v2\/tags?post=1666"}],"curies":[{"name":"wp","href":"https:\/\/api.w.org\/{rel}","templated":true}]}}