{"id":1665,"date":"2018-07-29T23:08:00","date_gmt":"2018-07-30T02:08:00","guid":{"rendered":"http:\/\/blogdoedvaldomagalhaes.com.br\/index.php\/2018\/07\/29\/aviao-cai-e-explode-sao-paulo\/"},"modified":"2019-02-09T02:26:20","modified_gmt":"2019-02-09T04:26:20","slug":"aviao-cai-e-explode-sao-paulo","status":"publish","type":"post","link":"https:\/\/blogdoedvaldomagalhaes.com.br\/index.php\/2018\/07\/29\/aviao-cai-e-explode-sao-paulo\/","title":{"rendered":"Avi\u00e3o cai e explode em S\u00e3o Paulo"},"content":{"rendered":"<div class=\"separator\" style=\"clear: both; text-align: center;\">\n<a href=\"https:\/\/3.bp.blogspot.com\/-VYP0an9xivw\/W15IftpGqSI\/AAAAAAAA3T4\/dRHy1FixWn4Zv9jJ3hN1Et_Xh5rRT2WGwCLcBGAs\/s1600\/avi%25C3%25A3o.jpeg\" imageanchor=\"1\" style=\"margin-left: 1em; margin-right: 1em;\"><img loading=\"lazy\" decoding=\"async\" border=\"0\" data-original-height=\"557\" data-original-width=\"840\" height=\"422\" src=\"http:\/\/blogdoedvaldomagalhaes.com.br\/wp-content\/uploads\/2018\/07\/aviC3A3o.jpeg\" width=\"640\" \/><\/a><\/div>\n<div class=\"separator\" style=\"clear: both; text-align: center;\">\n<\/div>\n<div class=\"separator\" style=\"clear: both; text-align: justify;\">\nUm avi\u00e3o de pequeno porte caiu, no come\u00e7o da noite deste domingo (29\/7), no Campo de Marte, Zona Norte de S\u00e3o Paulo, com sete pessoas a bordo. Segundo informa\u00e7\u00f5es do Corpo de Bombeiros, a aeronave est\u00e1 em processo de aterrissagem, vindo de Videira (SC), e tentou arremeter tr\u00eas vezes.<\/div>\n<div class=\"separator\" style=\"clear: both; text-align: justify;\">\n<\/div>\n<div class=\"separator\" style=\"clear: both; text-align: justify;\">\nSegundo o capit\u00e3o Marcos Palumbo, porta-voz do Corpo de Bombeiros de S\u00e3o Paulo, o piloto, identificado como Ant\u00f4nio Traversi, morreu ap\u00f3s ser retirado das ferragens. As outras cinco pessoas foram resgatadas com poucos ferimentos.<\/div>\n<div class=\"separator\" style=\"clear: both; text-align: justify;\">\n<\/div>\n<div class=\"separator\" style=\"clear: both; text-align: center;\">\n<\/div>\n<div class=\"separator\" style=\"clear: both; text-align: center;\">\n<a href=\"https:\/\/1.bp.blogspot.com\/-rfGSOMS7P9k\/W15Iq4VcE8I\/AAAAAAAA3T8\/1uGfgLfrkdgDrlUCy2gPGmFggIC5873yQCLcBGAs\/s1600\/tv.jpeg\" imageanchor=\"1\" style=\"margin-left: 1em; margin-right: 1em;\"><img loading=\"lazy\" decoding=\"async\" border=\"0\" data-original-height=\"530\" data-original-width=\"840\" height=\"402\" src=\"http:\/\/blogdoedvaldomagalhaes.com.br\/wp-content\/uploads\/2018\/07\/tv.jpeg\" width=\"640\" \/><\/a><\/div>\n<div class=\"separator\" style=\"clear: both; text-align: center;\">\nFoto: TV Globo\/Reprodu\u00e7\u00e3o<\/div>\n<p><\/p>\n<div style=\"text-align: justify;\">\nUm dos cinco s\u00f3cios da empresa, Eliandro Pazin, confirmou, \u00e0 Ag\u00eancia Brasil, que o avi\u00e3o \u00e9 da Videplast. Segundo ele, estavam a bordo os dois fundadores da companhia, Nereu Denardi e Geraldo Denardi, que s\u00e3o irm\u00e3os; o coordenador da empresa, Aguinaldo Nunes, e o filho de Nereu, de 17 anos. O nome do piloto \u00e9 Antonio Traversi.<\/div>\n<div style=\"text-align: justify;\">\n<\/div>\n<div style=\"text-align: justify;\">\nEm nota, a For\u00e7a A\u00e9rea Brasileira disse que um equipe de investigadores do Quarto Servi\u00e7o Regional de Investiga\u00e7\u00e3o e Preven\u00e7\u00e3o de Acidentes Aeron\u00e1uticos (SERIPA IV), \u00f3rg\u00e3o regional do Centro de Investiga\u00e7\u00e3o e Preven\u00e7\u00e3o de Acidentes Aeron\u00e1uticos (CENIPA), vai coletar dados para entender as causas do acidente.<\/div>\n<div style=\"text-align: justify;\">\n<\/div>\n<div style=\"text-align: justify;\">\nFonte: Metr\u00f3poles.<\/div>\n<div style=\"text-align: justify;\">\n<\/div>\n","protected":false},"excerpt":{"rendered":"<p>Um avi\u00e3o de pequeno porte caiu, no come\u00e7o da noite deste domingo (29\/7), no Campo de Marte, Zona Norte de&hellip;<\/p>\n","protected":false},"author":1,"featured_media":0,"comment_status":"open","ping_status":"open","sticky":false,"template":"","format":"standard","meta":{"footnotes":""},"categories":[1],"tags":[1681,2,6],"class_list":["post-1665","post","type-post","status-publish","format-standard","hentry","category-sem-categoria","tag-aviao-cai-e-explode-sao-paulo","tag-blog-do-edvaldo-magalhaes","tag-noticias"],"_links":{"self":[{"href":"https:\/\/blogdoedvaldomagalhaes.com.br\/index.php\/wp-json\/wp\/v2\/posts\/1665","targetHints":{"allow":["GET"]}}],"collection":[{"href":"https:\/\/blogdoedvaldomagalhaes.com.br\/index.php\/wp-json\/wp\/v2\/posts"}],"about":[{"href":"https:\/\/blogdoedvaldomagalhaes.com.br\/index.php\/wp-json\/wp\/v2\/types\/post"}],"author":[{"embeddable":true,"href":"https:\/\/blogdoedvaldomagalhaes.com.br\/index.php\/wp-json\/wp\/v2\/users\/1"}],"replies":[{"embeddable":true,"href":"https:\/\/blogdoedvaldomagalhaes.com.br\/index.php\/wp-json\/wp\/v2\/comments?post=1665"}],"version-history":[{"count":1,"href":"https:\/\/blogdoedvaldomagalhaes.com.br\/index.php\/wp-json\/wp\/v2\/posts\/1665\/revisions"}],"predecessor-version":[{"id":33098,"href":"https:\/\/blogdoedvaldomagalhaes.com.br\/index.php\/wp-json\/wp\/v2\/posts\/1665\/revisions\/33098"}],"wp:attachment":[{"href":"https:\/\/blogdoedvaldomagalhaes.com.br\/index.php\/wp-json\/wp\/v2\/media?parent=1665"}],"wp:term":[{"taxonomy":"category","embeddable":true,"href":"https:\/\/blogdoedvaldomagalhaes.com.br\/index.php\/wp-json\/wp\/v2\/categories?post=1665"},{"taxonomy":"post_tag","embeddable":true,"href":"https:\/\/blogdoedvaldomagalhaes.com.br\/index.php\/wp-json\/wp\/v2\/tags?post=1665"}],"curies":[{"name":"wp","href":"https:\/\/api.w.org\/{rel}","templated":true}]}}