{"id":1652,"date":"2018-07-31T22:20:00","date_gmt":"2018-08-01T01:20:00","guid":{"rendered":"http:\/\/blogdoedvaldomagalhaes.com.br\/index.php\/2018\/07\/31\/ex-primeira-dama-de-caruaru-pode-se\/"},"modified":"2019-02-09T02:26:27","modified_gmt":"2019-02-09T04:26:27","slug":"ex-primeira-dama-de-caruaru-pode-se","status":"publish","type":"post","link":"https:\/\/blogdoedvaldomagalhaes.com.br\/index.php\/2018\/07\/31\/ex-primeira-dama-de-caruaru-pode-se\/","title":{"rendered":"Ex-primeira dama de Caruaru pode se candidatar a deputada estadual"},"content":{"rendered":"<div class=\"separator\" style=\"clear: both; text-align: center;\">\n<a href=\"https:\/\/2.bp.blogspot.com\/-Th5sPh2lWN8\/W2DgDiJwgcI\/AAAAAAAA3aI\/3MVrGrlmQS8MjJS6Cy1K5HAW9Wc8ej07wCLcBGAs\/s1600\/ela.jpg\" imageanchor=\"1\" style=\"margin-left: 1em; margin-right: 1em;\"><img loading=\"lazy\" decoding=\"async\" border=\"0\" data-original-height=\"440\" data-original-width=\"375\" height=\"640\" src=\"http:\/\/blogdoedvaldomagalhaes.com.br\/wp-content\/uploads\/2018\/07\/ela-1.jpg\" width=\"544\" \/><\/a><\/div>\n<div class=\"separator\" style=\"clear: both; text-align: center;\">\nFoto: Reprodu\u00e7\u00e3o\/Internet<\/div>\n<p><\/p>\n<div style=\"text-align: justify;\">\nA ex-primeira dama de Caruaru, Carminha Queiroz, pode se candidatar a deputada estadual, a informa\u00e7\u00e3o \u00e9 do radialista Davi Cardoso (R\u00e1dio Cultura do Nordeste). O Bog consultou o filho dela, deputado federal Wolney Queiroz (PDT), que afirmou a nossa reportagem, que existe sim a possibilidade da candidatura.<\/p>\n<p>Carminha Queiroz at\u00e9 o momento n\u00e3o ocupou cargo p\u00fablico, apesar do esposo Jos\u00e9 Queiroz (PDT) ter sido prefeito de Caruaru, por\u00e9m, ela sempre trabalhou junto \u00e0s comunidades carentes.<\/p><\/div>\n","protected":false},"excerpt":{"rendered":"<p>Foto: Reprodu\u00e7\u00e3o\/Internet A ex-primeira dama de Caruaru, Carminha Queiroz, pode se candidatar a deputada estadual, a informa\u00e7\u00e3o \u00e9 do radialista&hellip;<\/p>\n","protected":false},"author":1,"featured_media":0,"comment_status":"open","ping_status":"open","sticky":false,"template":"","format":"standard","meta":{"footnotes":""},"categories":[1],"tags":[2,1668,20],"class_list":["post-1652","post","type-post","status-publish","format-standard","hentry","category-sem-categoria","tag-blog-do-edvaldo-magalhaes","tag-ex-primeira-dama-de-caruaru-pode-se-candidatar-a-deputada-estadual","tag-politica"],"_links":{"self":[{"href":"https:\/\/blogdoedvaldomagalhaes.com.br\/index.php\/wp-json\/wp\/v2\/posts\/1652","targetHints":{"allow":["GET"]}}],"collection":[{"href":"https:\/\/blogdoedvaldomagalhaes.com.br\/index.php\/wp-json\/wp\/v2\/posts"}],"about":[{"href":"https:\/\/blogdoedvaldomagalhaes.com.br\/index.php\/wp-json\/wp\/v2\/types\/post"}],"author":[{"embeddable":true,"href":"https:\/\/blogdoedvaldomagalhaes.com.br\/index.php\/wp-json\/wp\/v2\/users\/1"}],"replies":[{"embeddable":true,"href":"https:\/\/blogdoedvaldomagalhaes.com.br\/index.php\/wp-json\/wp\/v2\/comments?post=1652"}],"version-history":[{"count":1,"href":"https:\/\/blogdoedvaldomagalhaes.com.br\/index.php\/wp-json\/wp\/v2\/posts\/1652\/revisions"}],"predecessor-version":[{"id":33135,"href":"https:\/\/blogdoedvaldomagalhaes.com.br\/index.php\/wp-json\/wp\/v2\/posts\/1652\/revisions\/33135"}],"wp:attachment":[{"href":"https:\/\/blogdoedvaldomagalhaes.com.br\/index.php\/wp-json\/wp\/v2\/media?parent=1652"}],"wp:term":[{"taxonomy":"category","embeddable":true,"href":"https:\/\/blogdoedvaldomagalhaes.com.br\/index.php\/wp-json\/wp\/v2\/categories?post=1652"},{"taxonomy":"post_tag","embeddable":true,"href":"https:\/\/blogdoedvaldomagalhaes.com.br\/index.php\/wp-json\/wp\/v2\/tags?post=1652"}],"curies":[{"name":"wp","href":"https:\/\/api.w.org\/{rel}","templated":true}]}}