{"id":1651,"date":"2018-08-01T01:52:00","date_gmt":"2018-08-01T04:52:00","guid":{"rendered":"http:\/\/blogdoedvaldomagalhaes.com.br\/index.php\/2018\/08\/01\/presidente-da-confederacao-brasileira\/"},"modified":"2019-02-09T02:26:27","modified_gmt":"2019-02-09T04:26:27","slug":"presidente-da-confederacao-brasileira","status":"publish","type":"post","link":"https:\/\/blogdoedvaldomagalhaes.com.br\/index.php\/2018\/08\/01\/presidente-da-confederacao-brasileira\/","title":{"rendered":"Presidente da Confedera\u00e7\u00e3o Brasileira de Automobilismo realiza visita t\u00e9cnica ao Aut\u00f3dromo de Caruaru"},"content":{"rendered":"<div class=\"separator\" style=\"clear: both; text-align: center;\">\n<a href=\"https:\/\/3.bp.blogspot.com\/-3uUjMRCceYs\/W2ESQuDLerI\/AAAAAAAA3ao\/R4ioqq1_SaEUQglS3skS6DA-G1v9yfvhwCLcBGAs\/s1600\/foto.jpg\" imageanchor=\"1\" style=\"margin-left: 1em; margin-right: 1em;\"><img loading=\"lazy\" decoding=\"async\" border=\"0\" data-original-height=\"681\" data-original-width=\"1024\" height=\"424\" src=\"http:\/\/blogdoedvaldomagalhaes.com.br\/wp-content\/uploads\/2018\/08\/foto.jpg\" width=\"640\" \/><\/a><\/div>\n<div style=\"text-align: center;\">\nFoto: Jana\u00edna Pepeu<\/div>\n<div style=\"text-align: center;\">\n<\/div>\n<div style=\"text-align: justify;\">\nNa expectativa de voltar a receber as grandes competi\u00e7\u00f5es nacionais, a Prefeitura de Caruaru recebeu, nesta ter\u00e7a-feira (31), a visita do presidente da Confedera\u00e7\u00e3o Brasileira de Automobilismo (CBA), o caruaruense Valdiner Bernardo, e do presidente da Federa\u00e7\u00e3o Pernambucana de Automobilismo (FPEA), Carlos Teixeira. O encontro teve como objetivo o planejamento para viabilizar as melhorias do aut\u00f3dromo da cidade.<\/div>\n<div style=\"text-align: justify;\">\n<\/div>\n<div style=\"text-align: justify;\">\nUm dos pontos abordados foi a for\u00e7a de Caruaru para o turismo atrav\u00e9s das etapas nacionais de automobilismo. No fim da manh\u00e3, uma visita t\u00e9cnica foi feita ao Aut\u00f3dromo Internacional Ayrton Senna.<\/p>\n<\/div>\n<div style=\"text-align: justify;\">\n<div class=\"separator\" style=\"clear: both; text-align: center;\">\n<a href=\"https:\/\/4.bp.blogspot.com\/-1WAu352QMLw\/W2ES7XAjMJI\/AAAAAAAA3aw\/SDYf4pxscUcRHyDaQ4TTBqr2w4Pqz45cgCLcBGAs\/s1600\/ele.jpg\" imageanchor=\"1\" style=\"margin-left: 1em; margin-right: 1em;\"><img loading=\"lazy\" decoding=\"async\" border=\"0\" data-original-height=\"439\" data-original-width=\"660\" height=\"424\" src=\"http:\/\/blogdoedvaldomagalhaes.com.br\/wp-content\/uploads\/2018\/08\/ele.jpg\" width=\"640\" \/><\/a><\/div>\n<p><\/div>\n<div style=\"text-align: justify;\">\nEstiveram presentes o vice-prefeito Rodrigo Pinheiro; o secret\u00e1rio de Governo, Rubens Junior; o controlador Geral do munic\u00edpio, Dimitre Bezerra; o secret\u00e1rio da Fazenda, Diogo Bezerra; o secret\u00e1rio de Planejamento, Or\u00e7amento e Gest\u00e3o, Rub\u00e9n Pecchio; e o diretor do Aut\u00f3dromo, Amon Queiroz.<\/div>\n<div style=\"text-align: justify;\">\n<\/div>\n<div style=\"text-align: justify;\">\nO Aut\u00f3dromo de Caruaru foi inaugurado em 13 de dezembro de 1992. \u00c9 considerado um circuito seletivo de m\u00e9dia velocidade, destaque no cen\u00e1rio nacional. Dentre as principais categorias que o local recebe, destaca-se a F\u00f3rmula Truck.<\/div>\n","protected":false},"excerpt":{"rendered":"<p>Foto: Jana\u00edna Pepeu Na expectativa de voltar a receber as grandes competi\u00e7\u00f5es nacionais, a Prefeitura de Caruaru recebeu, nesta ter\u00e7a-feira&hellip;<\/p>\n","protected":false},"author":1,"featured_media":0,"comment_status":"open","ping_status":"open","sticky":false,"template":"","format":"standard","meta":{"footnotes":""},"categories":[1],"tags":[2,6,1667],"class_list":["post-1651","post","type-post","status-publish","format-standard","hentry","category-sem-categoria","tag-blog-do-edvaldo-magalhaes","tag-noticias","tag-presidente-da-confederacao-brasileira-de-automobilismo-realiza-visita-tecnica-ao-autodromo-de-caruaru"],"_links":{"self":[{"href":"https:\/\/blogdoedvaldomagalhaes.com.br\/index.php\/wp-json\/wp\/v2\/posts\/1651","targetHints":{"allow":["GET"]}}],"collection":[{"href":"https:\/\/blogdoedvaldomagalhaes.com.br\/index.php\/wp-json\/wp\/v2\/posts"}],"about":[{"href":"https:\/\/blogdoedvaldomagalhaes.com.br\/index.php\/wp-json\/wp\/v2\/types\/post"}],"author":[{"embeddable":true,"href":"https:\/\/blogdoedvaldomagalhaes.com.br\/index.php\/wp-json\/wp\/v2\/users\/1"}],"replies":[{"embeddable":true,"href":"https:\/\/blogdoedvaldomagalhaes.com.br\/index.php\/wp-json\/wp\/v2\/comments?post=1651"}],"version-history":[{"count":1,"href":"https:\/\/blogdoedvaldomagalhaes.com.br\/index.php\/wp-json\/wp\/v2\/posts\/1651\/revisions"}],"predecessor-version":[{"id":33138,"href":"https:\/\/blogdoedvaldomagalhaes.com.br\/index.php\/wp-json\/wp\/v2\/posts\/1651\/revisions\/33138"}],"wp:attachment":[{"href":"https:\/\/blogdoedvaldomagalhaes.com.br\/index.php\/wp-json\/wp\/v2\/media?parent=1651"}],"wp:term":[{"taxonomy":"category","embeddable":true,"href":"https:\/\/blogdoedvaldomagalhaes.com.br\/index.php\/wp-json\/wp\/v2\/categories?post=1651"},{"taxonomy":"post_tag","embeddable":true,"href":"https:\/\/blogdoedvaldomagalhaes.com.br\/index.php\/wp-json\/wp\/v2\/tags?post=1651"}],"curies":[{"name":"wp","href":"https:\/\/api.w.org\/{rel}","templated":true}]}}