{"id":1650,"date":"2018-08-01T01:58:00","date_gmt":"2018-08-01T04:58:00","guid":{"rendered":"http:\/\/blogdoedvaldomagalhaes.com.br\/index.php\/2018\/08\/01\/prefeitura-de-caruaru-lanca-selecao-2\/"},"modified":"2019-02-09T02:26:28","modified_gmt":"2019-02-09T04:26:28","slug":"prefeitura-de-caruaru-lanca-selecao-2","status":"publish","type":"post","link":"https:\/\/blogdoedvaldomagalhaes.com.br\/index.php\/2018\/08\/01\/prefeitura-de-caruaru-lanca-selecao-2\/","title":{"rendered":"Prefeitura de Caruaru lan\u00e7a sele\u00e7\u00e3o para est\u00e1gio em Arquitetura e Urbanismo, Engenharia Civil e Engenharia El\u00e9trica"},"content":{"rendered":"<div class=\"separator\" style=\"clear: both; text-align: center;\">\n<a href=\"https:\/\/3.bp.blogspot.com\/-u7UqWqo2-UQ\/W2ETnsKcANI\/AAAAAAAA3a4\/EbNU-aCG5cwVMlbxcX-oWnBxumi3-NdOQCLcBGAs\/s1600\/pro.jpg\" imageanchor=\"1\" style=\"margin-left: 1em; margin-right: 1em;\"><img loading=\"lazy\" decoding=\"async\" border=\"0\" data-original-height=\"571\" data-original-width=\"866\" height=\"422\" src=\"http:\/\/blogdoedvaldomagalhaes.com.br\/wp-content\/uploads\/2018\/08\/pro.jpg\" width=\"640\" \/><\/a><\/div>\n<div class=\"separator\" style=\"clear: both; text-align: center;\">\nImagens ilustrativa<\/div>\n<div style=\"text-align: justify;\">\n<\/div>\n<div style=\"text-align: justify;\">\nA Prefeitura de Caruaru deu in\u00edcio a mais um processo seletivo, visando a contrata\u00e7\u00e3o de 30 estagi\u00e1rios para apoiar os projetos da Secretaria de Urbanismo e Obras junto ao FINISA. Ser\u00e3o destinadas quatro vagas aos estudantes de Arquitetura e Urbanismo, uma vaga para Engenharia El\u00e9trica e 25 vagas para Engenharia Civil, sendo reservadas, da \u00faltima, duas vagas para pessoas com defici\u00eancia (PCD).<\/div>\n<div style=\"text-align: justify;\">\n<\/div>\n<div style=\"text-align: justify;\">\nOs interessados devem estar devidamente matriculados entre o 4\u00b0 e 7\u00b0 per\u00edodo das respectivas gradua\u00e7\u00f5es. As inscri\u00e7\u00f5es est\u00e3o abertas at\u00e9 o dia 06 de agosto e ser\u00e3o realizadas exclusivamente pelo endere\u00e7o eletr\u00f4nico https:\/\/selecoes.caruaru.pe.gov.br.<\/div>\n<div style=\"text-align: justify;\">\n<\/div>\n<div style=\"text-align: justify;\">\nA sele\u00e7\u00e3o contar\u00e1 com duas etapas: prova oral e an\u00e1lise de t\u00edtulos. Na primeira fase, os estudantes ser\u00e3o avaliados por seus conhecimentos acad\u00eamicos; na segunda, as experi\u00eancias acad\u00eamicas, de est\u00e1gio e trabalho volunt\u00e1rio, ser\u00e3o analisadas de acordo com o que foi preenchido no formul\u00e1rio de inscri\u00e7\u00e3o.<\/div>\n<div style=\"text-align: justify;\">\n<\/div>\n<div style=\"text-align: justify;\">\nTodas as informa\u00e7\u00f5es sobre o processo seletivo est\u00e3o dispon\u00edveis no edital, no site https:\/\/selecoes.caruaru.pe.gov.br.<\/div>\n<div style=\"text-align: justify;\">\n<\/div>\n","protected":false},"excerpt":{"rendered":"<p>Imagens ilustrativa A Prefeitura de Caruaru deu in\u00edcio a mais um processo seletivo, visando a contrata\u00e7\u00e3o de 30 estagi\u00e1rios para&hellip;<\/p>\n","protected":false},"author":1,"featured_media":0,"comment_status":"open","ping_status":"open","sticky":false,"template":"","format":"standard","meta":{"footnotes":""},"categories":[1],"tags":[2,1665,20,1666],"class_list":["post-1650","post","type-post","status-publish","format-standard","hentry","category-sem-categoria","tag-blog-do-edvaldo-magalhaes","tag-engenharia-civil-e-engenharia-eletrica","tag-politica","tag-prefeitura-de-caruaru-lanca-selecao-para-estagio-em-arquitetura-e-urbanismo"],"_links":{"self":[{"href":"https:\/\/blogdoedvaldomagalhaes.com.br\/index.php\/wp-json\/wp\/v2\/posts\/1650","targetHints":{"allow":["GET"]}}],"collection":[{"href":"https:\/\/blogdoedvaldomagalhaes.com.br\/index.php\/wp-json\/wp\/v2\/posts"}],"about":[{"href":"https:\/\/blogdoedvaldomagalhaes.com.br\/index.php\/wp-json\/wp\/v2\/types\/post"}],"author":[{"embeddable":true,"href":"https:\/\/blogdoedvaldomagalhaes.com.br\/index.php\/wp-json\/wp\/v2\/users\/1"}],"replies":[{"embeddable":true,"href":"https:\/\/blogdoedvaldomagalhaes.com.br\/index.php\/wp-json\/wp\/v2\/comments?post=1650"}],"version-history":[{"count":1,"href":"https:\/\/blogdoedvaldomagalhaes.com.br\/index.php\/wp-json\/wp\/v2\/posts\/1650\/revisions"}],"predecessor-version":[{"id":33140,"href":"https:\/\/blogdoedvaldomagalhaes.com.br\/index.php\/wp-json\/wp\/v2\/posts\/1650\/revisions\/33140"}],"wp:attachment":[{"href":"https:\/\/blogdoedvaldomagalhaes.com.br\/index.php\/wp-json\/wp\/v2\/media?parent=1650"}],"wp:term":[{"taxonomy":"category","embeddable":true,"href":"https:\/\/blogdoedvaldomagalhaes.com.br\/index.php\/wp-json\/wp\/v2\/categories?post=1650"},{"taxonomy":"post_tag","embeddable":true,"href":"https:\/\/blogdoedvaldomagalhaes.com.br\/index.php\/wp-json\/wp\/v2\/tags?post=1650"}],"curies":[{"name":"wp","href":"https:\/\/api.w.org\/{rel}","templated":true}]}}