{"id":1634,"date":"2018-08-03T10:29:00","date_gmt":"2018-08-03T13:29:00","guid":{"rendered":"http:\/\/blogdoedvaldomagalhaes.com.br\/index.php\/2018\/08\/03\/inauguracao-da-clinica-e-laboratorio-dr\/"},"modified":"2019-02-09T02:26:40","modified_gmt":"2019-02-09T04:26:40","slug":"inauguracao-da-clinica-e-laboratorio-dr","status":"publish","type":"post","link":"https:\/\/blogdoedvaldomagalhaes.com.br\/index.php\/2018\/08\/03\/inauguracao-da-clinica-e-laboratorio-dr\/","title":{"rendered":"Inaugura\u00e7\u00e3o da Cl\u00ednica e Laborat\u00f3rio Dr. Marcel Caldas em Bezerros com doa\u00e7\u00e3o de consultas m\u00e9dicas neste s\u00e1bado (4)"},"content":{"rendered":"<div class=\"separator\" style=\"clear: both; text-align: center;\">\n<a href=\"https:\/\/3.bp.blogspot.com\/-zsEefxddJLE\/W2QtdU5C8eI\/AAAAAAAA3ic\/vSrctwZ8hcglsiELhgE_-MIthE1TiIovACLcBGAs\/s1600\/grande.jpg\" imageanchor=\"1\" style=\"margin-left: 1em; margin-right: 1em;\"><img loading=\"lazy\" decoding=\"async\" border=\"0\" data-original-height=\"799\" data-original-width=\"800\" height=\"634\" src=\"http:\/\/blogdoedvaldomagalhaes.com.br\/wp-content\/uploads\/2018\/08\/grande.jpg\" width=\"640\" \/><\/a><\/div>\n<div style=\"text-align: justify;\">\nNeste s\u00e1bado (04) acontece a inaugura\u00e7\u00e3o da Cl\u00ednica e Laborat\u00f3rio Dr. Marcel Caldas, na&nbsp;rua 15 de novembro,&nbsp;na rua do IBREB,&nbsp;na cidade de Bezerros, Agreste de Pernambuco. Haver\u00e1 uma grande a\u00e7\u00e3o da sa\u00fade no dia que vai contar com:<\/div>\n<div style=\"text-align: justify;\">\n<\/div>\n<div style=\"text-align: justify;\">\n&#8211; Aferi\u00e7\u00e3o dos sinais vitais<\/div>\n<div style=\"text-align: justify;\">\n&#8211; Verifica\u00e7\u00e3o de HGT<\/div>\n<div style=\"text-align: justify;\">\n&#8211; Preven\u00e7\u00e3o do c\u00e2ncer de mama<\/div>\n<div style=\"text-align: justify;\">\n&#8211; Preven\u00e7\u00e3o do c\u00e2ncer do colo do \u00fatero<\/div>\n<div style=\"text-align: justify;\">\n&#8211; Preven\u00e7\u00e3o do c\u00e2ncer de pr\u00f3stata&nbsp;<\/div>\n<div style=\"text-align: justify;\">\n&#8211; Doa\u00e7\u00e3o de ultrassonografia<\/div>\n<div style=\"text-align: justify;\">\n&#8211; Doa\u00e7\u00e3o de consultas de mastologia<\/div>\n<div style=\"text-align: justify;\">\n&#8211; Doa\u00e7\u00e3o de consultas de Ginecologia&nbsp;<\/div>\n<div style=\"text-align: justify;\">\n&#8211; Doa\u00e7\u00e3o de consultas de Pediatria<\/div>\n<div style=\"text-align: justify;\">\n&#8211; Doa\u00e7\u00e3o de consultas de Urologia&nbsp;<\/div>\n<div style=\"text-align: justify;\">\n&#8211; Doa\u00e7\u00e3o de consultas de Ortopedia<\/div>\n<div style=\"text-align: justify;\">\n&#8211; Doa\u00e7\u00e3o de consultas de Cardiologia&nbsp;<\/div>\n<div style=\"text-align: justify;\">\n&#8211; Doa\u00e7\u00e3o de consultas de Nutricionista<\/div>\n<div style=\"text-align: justify;\">\n&#8211; Doa\u00e7\u00e3o de consultas de Psicologia<\/div>\n<div style=\"text-align: justify;\">\n&#8211; Doa\u00e7\u00e3o de Mamografias.<\/div>\n","protected":false},"excerpt":{"rendered":"<p>Neste s\u00e1bado (04) acontece a inaugura\u00e7\u00e3o da Cl\u00ednica e Laborat\u00f3rio Dr. Marcel Caldas, na&nbsp;rua 15 de novembro,&nbsp;na rua do IBREB,&nbsp;na&hellip;<\/p>\n","protected":false},"author":1,"featured_media":0,"comment_status":"open","ping_status":"open","sticky":false,"template":"","format":"standard","meta":{"footnotes":""},"categories":[1],"tags":[2,1648,6],"class_list":["post-1634","post","type-post","status-publish","format-standard","hentry","category-sem-categoria","tag-blog-do-edvaldo-magalhaes","tag-inauguracao-da-clinica-e-laboratorio-dr-marcel-caldas-em-bezerros-com-doacao-de-consultas-medicas-neste-sabado-4","tag-noticias"],"_links":{"self":[{"href":"https:\/\/blogdoedvaldomagalhaes.com.br\/index.php\/wp-json\/wp\/v2\/posts\/1634","targetHints":{"allow":["GET"]}}],"collection":[{"href":"https:\/\/blogdoedvaldomagalhaes.com.br\/index.php\/wp-json\/wp\/v2\/posts"}],"about":[{"href":"https:\/\/blogdoedvaldomagalhaes.com.br\/index.php\/wp-json\/wp\/v2\/types\/post"}],"author":[{"embeddable":true,"href":"https:\/\/blogdoedvaldomagalhaes.com.br\/index.php\/wp-json\/wp\/v2\/users\/1"}],"replies":[{"embeddable":true,"href":"https:\/\/blogdoedvaldomagalhaes.com.br\/index.php\/wp-json\/wp\/v2\/comments?post=1634"}],"version-history":[{"count":1,"href":"https:\/\/blogdoedvaldomagalhaes.com.br\/index.php\/wp-json\/wp\/v2\/posts\/1634\/revisions"}],"predecessor-version":[{"id":33185,"href":"https:\/\/blogdoedvaldomagalhaes.com.br\/index.php\/wp-json\/wp\/v2\/posts\/1634\/revisions\/33185"}],"wp:attachment":[{"href":"https:\/\/blogdoedvaldomagalhaes.com.br\/index.php\/wp-json\/wp\/v2\/media?parent=1634"}],"wp:term":[{"taxonomy":"category","embeddable":true,"href":"https:\/\/blogdoedvaldomagalhaes.com.br\/index.php\/wp-json\/wp\/v2\/categories?post=1634"},{"taxonomy":"post_tag","embeddable":true,"href":"https:\/\/blogdoedvaldomagalhaes.com.br\/index.php\/wp-json\/wp\/v2\/tags?post=1634"}],"curies":[{"name":"wp","href":"https:\/\/api.w.org\/{rel}","templated":true}]}}