{"id":1633,"date":"2018-08-03T11:48:00","date_gmt":"2018-08-03T14:48:00","guid":{"rendered":"http:\/\/blogdoedvaldomagalhaes.com.br\/index.php\/2018\/08\/03\/caruaru-recebe-conferencia-para\/"},"modified":"2019-02-09T02:26:40","modified_gmt":"2019-02-09T04:26:40","slug":"caruaru-recebe-conferencia-para","status":"publish","type":"post","link":"https:\/\/blogdoedvaldomagalhaes.com.br\/index.php\/2018\/08\/03\/caruaru-recebe-conferencia-para\/","title":{"rendered":"Caruaru recebe confer\u00eancia para mulheres crist\u00e3s"},"content":{"rendered":"<div class=\"separator\" style=\"clear: both; text-align: center;\">\n<a href=\"https:\/\/4.bp.blogspot.com\/-M0H45d5crzQ\/W2RAvYGZtrI\/AAAAAAAA3io\/ih541nv4_rwjmzvomx-LFQjBgBKNua5uQCLcBGAs\/s1600\/IMG-20180802-WA0206.jpg\" imageanchor=\"1\" style=\"margin-left: 1em; margin-right: 1em;\"><img loading=\"lazy\" decoding=\"async\" border=\"0\" data-original-height=\"654\" data-original-width=\"1280\" height=\"326\" src=\"http:\/\/blogdoedvaldomagalhaes.com.br\/wp-content\/uploads\/2018\/08\/IMG-20180802-WA0206.jpg\" width=\"640\" \/><\/a><\/div>\n<div style=\"text-align: justify;\">\n<\/div>\n<div style=\"text-align: justify;\">\nS\u00e3o 700 vagas para as mulheres que buscam conhecer um pouco mais de Deus e entender sobre santidade ao Senhor.<\/div>\n<div style=\"text-align: justify;\">\n<\/div>\n<div style=\"text-align: justify;\">\nA Confer\u00eancia de Mulheres est\u00e1 sendo promovida pela Igreja Episcopal &nbsp;Carism\u00e1tica &#8211; Paroquia do Redentor, e ser\u00e1 realizada no dia 29 de setembro, no Senac Caruaru.<\/div>\n<div style=\"text-align: justify;\">\n<\/div>\n<div style=\"text-align: justify;\">\nO intuito da confer\u00eancia \u00e9 aben\u00e7oar vidas atrav\u00e9s da ministra\u00e7\u00e3o da Palavra e da adora\u00e7\u00e3o. O tema \u00e9 Santidade ao Senhor. A inscri\u00e7\u00e3o j\u00e1 pode ser feita atrav\u00e9s do site (https:\/\/www.e-inscricao.com\/ame\/conferencia-de-mulheres-redentor), e a expectativa \u00e9 de um p\u00fablico de 700 mulheres.<\/div>\n<div style=\"text-align: justify;\">\n<\/div>\n<div style=\"text-align: justify;\">\nA programa\u00e7\u00e3o ter\u00e1 como palestrantes, o Pastor Luciano Luiz, &nbsp;da Igreja Episcopal Carism\u00e1tica Par\u00f3quia &nbsp;do Redentor; a Pastora Fab\u00edola Moreira, da Igreja Batista Peniel, em Minas Gerais; &nbsp;e a cantora e Pastora Eyshila.<\/div>\n<div style=\"text-align: justify;\">\n<\/div>\n<div style=\"text-align: justify;\">\nNa confer\u00eancia vai haver ainda louvores com a ministra de louvor Gabi Sampaio, de Belo Horizonte; &nbsp;al\u00e9m do louvor Redentor, da Episcopal Carism\u00e1tica do Redentor. Tamb\u00e9m vai haver a participa\u00e7\u00e3o especial do minist\u00e9rio de adora\u00e7\u00e3o corporal Shekinah.<\/div>\n<div style=\"text-align: justify;\">\n<\/div>\n<ol>\n<li><\/li>\n<\/ol>\n","protected":false},"excerpt":{"rendered":"<p>S\u00e3o 700 vagas para as mulheres que buscam conhecer um pouco mais de Deus e entender sobre santidade ao Senhor.&hellip;<\/p>\n","protected":false},"author":1,"featured_media":0,"comment_status":"open","ping_status":"open","sticky":false,"template":"","format":"standard","meta":{"footnotes":""},"categories":[1],"tags":[2,1647,6],"class_list":["post-1633","post","type-post","status-publish","format-standard","hentry","category-sem-categoria","tag-blog-do-edvaldo-magalhaes","tag-caruaru-recebe-conferencia-para-mulheres-cristas","tag-noticias"],"_links":{"self":[{"href":"https:\/\/blogdoedvaldomagalhaes.com.br\/index.php\/wp-json\/wp\/v2\/posts\/1633","targetHints":{"allow":["GET"]}}],"collection":[{"href":"https:\/\/blogdoedvaldomagalhaes.com.br\/index.php\/wp-json\/wp\/v2\/posts"}],"about":[{"href":"https:\/\/blogdoedvaldomagalhaes.com.br\/index.php\/wp-json\/wp\/v2\/types\/post"}],"author":[{"embeddable":true,"href":"https:\/\/blogdoedvaldomagalhaes.com.br\/index.php\/wp-json\/wp\/v2\/users\/1"}],"replies":[{"embeddable":true,"href":"https:\/\/blogdoedvaldomagalhaes.com.br\/index.php\/wp-json\/wp\/v2\/comments?post=1633"}],"version-history":[{"count":1,"href":"https:\/\/blogdoedvaldomagalhaes.com.br\/index.php\/wp-json\/wp\/v2\/posts\/1633\/revisions"}],"predecessor-version":[{"id":33187,"href":"https:\/\/blogdoedvaldomagalhaes.com.br\/index.php\/wp-json\/wp\/v2\/posts\/1633\/revisions\/33187"}],"wp:attachment":[{"href":"https:\/\/blogdoedvaldomagalhaes.com.br\/index.php\/wp-json\/wp\/v2\/media?parent=1633"}],"wp:term":[{"taxonomy":"category","embeddable":true,"href":"https:\/\/blogdoedvaldomagalhaes.com.br\/index.php\/wp-json\/wp\/v2\/categories?post=1633"},{"taxonomy":"post_tag","embeddable":true,"href":"https:\/\/blogdoedvaldomagalhaes.com.br\/index.php\/wp-json\/wp\/v2\/tags?post=1633"}],"curies":[{"name":"wp","href":"https:\/\/api.w.org\/{rel}","templated":true}]}}