{"id":1632,"date":"2018-08-03T15:22:00","date_gmt":"2018-08-03T18:22:00","guid":{"rendered":"http:\/\/blogdoedvaldomagalhaes.com.br\/index.php\/2018\/08\/03\/preso-em-caruaru-terceiro-suspeito-de\/"},"modified":"2019-02-09T02:26:40","modified_gmt":"2019-02-09T04:26:40","slug":"preso-em-caruaru-terceiro-suspeito-de","status":"publish","type":"post","link":"https:\/\/blogdoedvaldomagalhaes.com.br\/index.php\/2018\/08\/03\/preso-em-caruaru-terceiro-suspeito-de\/","title":{"rendered":"Preso em Caruaru terceiro suspeito de sequestrar empres\u00e1rio"},"content":{"rendered":"<div class=\"separator\" style=\"clear: both; text-align: center;\">\n<a href=\"https:\/\/4.bp.blogspot.com\/-1Vz4n0B4ukI\/W2RzDK8ZjkI\/AAAAAAAA3jM\/3yEyqEg8-JIt49bDhtp335MgFIx3GRGjQCLcBGAs\/s1600\/ele.jpg\" imageanchor=\"1\" style=\"margin-left: 1em; margin-right: 1em;\"><img loading=\"lazy\" decoding=\"async\" border=\"0\" data-original-height=\"186\" data-original-width=\"280\" height=\"425\" src=\"http:\/\/blogdoedvaldomagalhaes.com.br\/wp-content\/uploads\/2018\/08\/ele-1.jpg\" width=\"640\" \/><\/a><\/div>\n<div class=\"separator\" style=\"clear: both; text-align: center;\">\nFoto:Cl\u00e1udio Silva\/Caruaru Hoje<\/div>\n<div style=\"background-color: white; box-sizing: border-box; line-height: 24px; margin-bottom: 10px; text-align: justify;\">\n<\/div>\n<div style=\"background-color: white; box-sizing: border-box; line-height: 24px; margin-bottom: 10px; text-align: justify;\">\nA Pol\u00edcia Civil prendeu o terceiro suspeito de praticar um sequestro na noite da \u00faltima segunda-feira (30), em Caruaru. Claudemir Manoel Rodrigues da Silva, 20 anos, foi detido na manh\u00e3 desta sexta-feira (03). Ele mora no bairro Boa Vista.<\/div>\n<div style=\"background-color: white; box-sizing: border-box; line-height: 24px; margin-bottom: 10px; text-align: justify;\">\nUm empres\u00e1rio, a esposa e o filho foram sequestrados no bairro S\u00e3o Francisco. Os bandidos queriam o dinheiro do estabelecimento comercial localizado na Pra\u00e7a Coronel Porto.<\/div>\n<div style=\"background-color: white; box-sizing: border-box; line-height: 24px; margin-bottom: 10px; text-align: justify;\">\nA fam\u00edlia foi liberada ainda na noite de segunda e dois suspeitos foram presos em flagrante \u2013 Alex Jos\u00e9 da Silva, 22 anos, e Emerson Ant\u00f4nio da Silva, 20. Quatro assaltantes participaram do crime e um continua foragido.<\/div>\n<div style=\"background-color: white; box-sizing: border-box; line-height: 24px; margin-bottom: 10px; text-align: justify;\">\nFonte: R\u00e1dio Liberdade.<\/div>\n<div style=\"background-color: white; box-sizing: border-box; line-height: 24px; margin-bottom: 10px; text-align: justify;\">\n<\/div>\n","protected":false},"excerpt":{"rendered":"<p>Foto:Cl\u00e1udio Silva\/Caruaru Hoje A Pol\u00edcia Civil prendeu o terceiro suspeito de praticar um sequestro na noite da \u00faltima segunda-feira (30),&hellip;<\/p>\n","protected":false},"author":1,"featured_media":0,"comment_status":"open","ping_status":"open","sticky":false,"template":"","format":"standard","meta":{"footnotes":""},"categories":[1],"tags":[2,13,1646],"class_list":["post-1632","post","type-post","status-publish","format-standard","hentry","category-sem-categoria","tag-blog-do-edvaldo-magalhaes","tag-policial","tag-preso-em-caruaru-terceiro-suspeito-de-sequestrar-empresario"],"_links":{"self":[{"href":"https:\/\/blogdoedvaldomagalhaes.com.br\/index.php\/wp-json\/wp\/v2\/posts\/1632","targetHints":{"allow":["GET"]}}],"collection":[{"href":"https:\/\/blogdoedvaldomagalhaes.com.br\/index.php\/wp-json\/wp\/v2\/posts"}],"about":[{"href":"https:\/\/blogdoedvaldomagalhaes.com.br\/index.php\/wp-json\/wp\/v2\/types\/post"}],"author":[{"embeddable":true,"href":"https:\/\/blogdoedvaldomagalhaes.com.br\/index.php\/wp-json\/wp\/v2\/users\/1"}],"replies":[{"embeddable":true,"href":"https:\/\/blogdoedvaldomagalhaes.com.br\/index.php\/wp-json\/wp\/v2\/comments?post=1632"}],"version-history":[{"count":1,"href":"https:\/\/blogdoedvaldomagalhaes.com.br\/index.php\/wp-json\/wp\/v2\/posts\/1632\/revisions"}],"predecessor-version":[{"id":33189,"href":"https:\/\/blogdoedvaldomagalhaes.com.br\/index.php\/wp-json\/wp\/v2\/posts\/1632\/revisions\/33189"}],"wp:attachment":[{"href":"https:\/\/blogdoedvaldomagalhaes.com.br\/index.php\/wp-json\/wp\/v2\/media?parent=1632"}],"wp:term":[{"taxonomy":"category","embeddable":true,"href":"https:\/\/blogdoedvaldomagalhaes.com.br\/index.php\/wp-json\/wp\/v2\/categories?post=1632"},{"taxonomy":"post_tag","embeddable":true,"href":"https:\/\/blogdoedvaldomagalhaes.com.br\/index.php\/wp-json\/wp\/v2\/tags?post=1632"}],"curies":[{"name":"wp","href":"https:\/\/api.w.org\/{rel}","templated":true}]}}