{"id":1631,"date":"2018-08-03T15:26:00","date_gmt":"2018-08-03T18:26:00","guid":{"rendered":"http:\/\/blogdoedvaldomagalhaes.com.br\/index.php\/2018\/08\/03\/confira-as-alteracoes-nos-itinerarios\/"},"modified":"2019-02-09T02:26:42","modified_gmt":"2019-02-09T04:26:42","slug":"confira-as-alteracoes-nos-itinerarios","status":"publish","type":"post","link":"https:\/\/blogdoedvaldomagalhaes.com.br\/index.php\/2018\/08\/03\/confira-as-alteracoes-nos-itinerarios\/","title":{"rendered":"Confira as altera\u00e7\u00f5es nos itiner\u00e1rios das linhas de \u00f4nibus em Caruaru"},"content":{"rendered":"<div class=\"separator\" style=\"clear: both; text-align: center;\">\n<a href=\"https:\/\/3.bp.blogspot.com\/-yINY_ufjnN4\/W2RzzKQme5I\/AAAAAAAA3jU\/lXcETui6i1gxs4rbdZxIJlbUdYuplvZiQCLcBGAs\/s1600\/coletivo.jpg\" imageanchor=\"1\" style=\"margin-left: 1em; margin-right: 1em;\"><img loading=\"lazy\" decoding=\"async\" border=\"0\" data-original-height=\"574\" data-original-width=\"800\" height=\"458\" src=\"http:\/\/blogdoedvaldomagalhaes.com.br\/wp-content\/uploads\/2018\/08\/coletivo.jpg\" width=\"640\" \/><\/a><\/div>\n<div style=\"background-color: white; box-sizing: border-box; line-height: 24px; margin-bottom: 10px; text-align: justify;\">\n<\/div>\n<div style=\"background-color: white; box-sizing: border-box; line-height: 24px; margin-bottom: 10px; text-align: justify;\">\nQuatro linhas de \u00f4nibus ir\u00e3o sofrer altera\u00e7\u00f5es nos itiner\u00e1rios em Caruaru, a partir da pr\u00f3xima segunda-feira (06). De acordo com a Destra, as mudan\u00e7as ser\u00e3o nas linhas Jo\u00e3o Mota, Vila Andorinha, Maur\u00edcio de Nassau e Luiz Gonzaga\/Severino Afonso.<\/div>\n<div style=\"background-color: white; box-sizing: border-box; line-height: 24px; margin-bottom: 10px; text-align: justify;\">\nA Autarquia informou que as mudan\u00e7as s\u00e3o necess\u00e1rias para evitar a sobreposi\u00e7\u00e3o de linhas e expandir a circula\u00e7\u00e3o dentro dos bairros, garantindo atendimento a um maior n\u00famero de usu\u00e1rios.<\/p>\n<div class=\"separator\" style=\"clear: both; text-align: center;\">\n<a href=\"https:\/\/4.bp.blogspot.com\/-VRIK3cU_KfU\/W2R3thcYo1I\/AAAAAAAA3js\/r3aBvSlliyU7FOkxYlbLDWz-i6Kk05Z-ACLcBGAs\/s1600\/1.jpg\" imageanchor=\"1\" style=\"margin-left: 1em; margin-right: 1em;\"><img loading=\"lazy\" decoding=\"async\" border=\"0\" data-original-height=\"512\" data-original-width=\"512\" height=\"640\" src=\"http:\/\/blogdoedvaldomagalhaes.com.br\/wp-content\/uploads\/2018\/08\/1-2.jpg\" width=\"640\" \/><\/a><\/div>\n<p><\/div>\n<h4 style=\"background-color: white; box-sizing: border-box; line-height: 1.1; margin: 0px 0px 15px; text-align: justify;\">\nEntenda as mudan\u00e7as:<\/h4>\n<div style=\"background-color: white; box-sizing: border-box; line-height: 24px; margin-bottom: 10px; text-align: justify;\">\n<em style=\"box-sizing: border-box; font-weight: inherit;\">Linha 118 \u2013<\/em>&nbsp;Jo\u00e3o Mota: A linha passa a atender tamb\u00e9m o bairro Centen\u00e1rio, na seguinte rota: rua da Cruz, rua da S\u00e9, rua Vig\u00e1rio Ant\u00f4nio Jorge, rua Ara\u00fajo Lima, rua Tom\u00e1s Ant\u00f4nio Gonzaga (rua Top\u00e1zio no sentido sub\u00farbio\/cidade), rua Nilo Pe\u00e7anha, rua Padre Manoel de N\u00f3brega e Via local da BR-104. Um ve\u00edculo ser\u00e1 disponibilizado para essa linha, com intervalos de viagens de 60 minutos.<\/p>\n<div class=\"separator\" style=\"clear: both; text-align: center;\">\n<a href=\"https:\/\/4.bp.blogspot.com\/-Ivtkb4zaCfI\/W2R3yABLlWI\/AAAAAAAA3jw\/-FAnHdvumo8-1_XJiFbgzQDfBFE_uylywCLcBGAs\/s1600\/2.jpg\" imageanchor=\"1\" style=\"margin-left: 1em; margin-right: 1em;\"><img loading=\"lazy\" decoding=\"async\" border=\"0\" data-original-height=\"512\" data-original-width=\"512\" height=\"640\" src=\"http:\/\/blogdoedvaldomagalhaes.com.br\/wp-content\/uploads\/2018\/08\/2-2.jpg\" width=\"640\" \/><\/a><\/div>\n<p><\/div>\n<div data-track-category=\"Link no Texto\" data-track-links=\"\" style=\"background-color: white; box-sizing: border-box; line-height: 24px; margin-bottom: 10px; text-align: justify;\">\n<em style=\"box-sizing: border-box; font-weight: inherit;\">Linha 138 \u2013&nbsp;<\/em>Luiz Gonzaga\/Severino Afonso: A linha passa a operar na avenida Aracati, avenida Brasil e PE 95, a fim de atender as demandas dos usu\u00e1rios que residem nos bairros Luiz Gonzaga e Nova Caruaru. O trecho da avenida Agamenon Magalh\u00e3es e via local da BR-104 n\u00e3o ser\u00e1 mais atendido pela linha Luiz Gonzaga\/Severino Afonso, mas permanece no itiner\u00e1rio das linhas UFPE e Polo Caruaru. Um ve\u00edculo ser\u00e1 disponibilizado para a opera\u00e7\u00e3o dessa linha durante dias \u00fateis e s\u00e1bados, com intervalos de 60 minutos.<\/p>\n<div class=\"separator\" style=\"clear: both; text-align: center;\">\n<a href=\"https:\/\/3.bp.blogspot.com\/-9n64FHCLV0I\/W2R32lwUQZI\/AAAAAAAA3j0\/zgoF8UQ-VOIkAeFW4n00TAtRZHnNkKKBACLcBGAs\/s1600\/3.jpg\" imageanchor=\"1\" style=\"margin-left: 1em; margin-right: 1em;\"><img loading=\"lazy\" decoding=\"async\" border=\"0\" data-original-height=\"512\" data-original-width=\"512\" height=\"640\" src=\"http:\/\/blogdoedvaldomagalhaes.com.br\/wp-content\/uploads\/2018\/08\/3-2.jpg\" width=\"640\" \/><\/a><\/div>\n<p><\/div>\n<div data-track-category=\"Link no Texto\" data-track-links=\"\" style=\"background-color: white; box-sizing: border-box; line-height: 24px; margin-bottom: 10px; text-align: justify;\">\n<em style=\"box-sizing: border-box; font-weight: inherit;\">Linha 141 \u2013<\/em>&nbsp;Vila Andorinha: A linha passa a atender tamb\u00e9m a Vila Xique-Xique. O itiner\u00e1rio dela passar a ser feito pela rua Z\u00e9 Tatu e avenida Caruaru, tanto na ida como na volta. Durante os dias \u00fateis e s\u00e1bados haver\u00e1 cinco ve\u00edculos operando na linha, com intervalos de 20 minutos. Aos domingos e feriados tr\u00eas ve\u00edculos operam, com intervalos de 25 minutos.<\/div>\n<div class=\"separator\" style=\"clear: both; text-align: center;\">\n<a href=\"https:\/\/3.bp.blogspot.com\/-z-RyflfxIHs\/W2R37yj9CUI\/AAAAAAAA3j4\/TGi3SvDjLi08hQT0bTKw-Uutd895AYR7wCLcBGAs\/s1600\/5.jpg\" imageanchor=\"1\" style=\"margin-left: 1em; margin-right: 1em;\"><img loading=\"lazy\" decoding=\"async\" border=\"0\" data-original-height=\"512\" data-original-width=\"512\" height=\"640\" src=\"http:\/\/blogdoedvaldomagalhaes.com.br\/wp-content\/uploads\/2018\/08\/5.jpg\" width=\"640\" \/><\/a><\/div>\n<p><\/p>\n<div data-track-category=\"Link no Texto\" data-track-links=\"\" style=\"-webkit-text-stroke-width: 0px; background-color: white; box-sizing: border-box; font-style: normal; font-variant-caps: normal; font-variant-ligatures: normal; font-weight: 400; letter-spacing: normal; line-height: 24px; margin: 0px 0px 10px; orphans: 2; text-align: justify; text-decoration-color: initial; text-decoration-style: initial; text-indent: 0px; text-transform: none; white-space: normal; widows: 2; word-spacing: 0px;\">\n<em style=\"box-sizing: border-box; font-weight: inherit;\">Linha 402 \u2013&nbsp;<\/em>Maur\u00edcio de Nassau: A linha passa a atender tamb\u00e9m os bairros Maria Gorete e Universit\u00e1rio, realizando o seguinte percurso: \u2026avenida Agamenon Magalh\u00e3es, avenida Visconde de Inha\u00fama, rua Aspicueta de Navarro, rua Paulo Santos, avenida 03, avenida Artur Ant\u00f4nio da Silva, PE-95, avenida Portugal, avenida Marcionilo Francisco e avenida Agamenon Magalh\u00e3es. Um ve\u00edculo ser\u00e1 disponibilizado para a opera\u00e7\u00e3o dessa linha durante dias \u00fateis, com intervalos de 60 minutos.<\/div>\n","protected":false},"excerpt":{"rendered":"<p>Quatro linhas de \u00f4nibus ir\u00e3o sofrer altera\u00e7\u00f5es nos itiner\u00e1rios em Caruaru, a partir da pr\u00f3xima segunda-feira (06). De acordo com&hellip;<\/p>\n","protected":false},"author":1,"featured_media":0,"comment_status":"open","ping_status":"open","sticky":false,"template":"","format":"standard","meta":{"footnotes":""},"categories":[1],"tags":[2,1645,6],"class_list":["post-1631","post","type-post","status-publish","format-standard","hentry","category-sem-categoria","tag-blog-do-edvaldo-magalhaes","tag-confira-as-alteracoes-nos-itinerarios-das-linhas-de-onibus-em-caruaru","tag-noticias"],"_links":{"self":[{"href":"https:\/\/blogdoedvaldomagalhaes.com.br\/index.php\/wp-json\/wp\/v2\/posts\/1631","targetHints":{"allow":["GET"]}}],"collection":[{"href":"https:\/\/blogdoedvaldomagalhaes.com.br\/index.php\/wp-json\/wp\/v2\/posts"}],"about":[{"href":"https:\/\/blogdoedvaldomagalhaes.com.br\/index.php\/wp-json\/wp\/v2\/types\/post"}],"author":[{"embeddable":true,"href":"https:\/\/blogdoedvaldomagalhaes.com.br\/index.php\/wp-json\/wp\/v2\/users\/1"}],"replies":[{"embeddable":true,"href":"https:\/\/blogdoedvaldomagalhaes.com.br\/index.php\/wp-json\/wp\/v2\/comments?post=1631"}],"version-history":[{"count":1,"href":"https:\/\/blogdoedvaldomagalhaes.com.br\/index.php\/wp-json\/wp\/v2\/posts\/1631\/revisions"}],"predecessor-version":[{"id":33195,"href":"https:\/\/blogdoedvaldomagalhaes.com.br\/index.php\/wp-json\/wp\/v2\/posts\/1631\/revisions\/33195"}],"wp:attachment":[{"href":"https:\/\/blogdoedvaldomagalhaes.com.br\/index.php\/wp-json\/wp\/v2\/media?parent=1631"}],"wp:term":[{"taxonomy":"category","embeddable":true,"href":"https:\/\/blogdoedvaldomagalhaes.com.br\/index.php\/wp-json\/wp\/v2\/categories?post=1631"},{"taxonomy":"post_tag","embeddable":true,"href":"https:\/\/blogdoedvaldomagalhaes.com.br\/index.php\/wp-json\/wp\/v2\/tags?post=1631"}],"curies":[{"name":"wp","href":"https:\/\/api.w.org\/{rel}","templated":true}]}}