{"id":1630,"date":"2018-08-03T15:35:00","date_gmt":"2018-08-03T18:35:00","guid":{"rendered":"http:\/\/blogdoedvaldomagalhaes.com.br\/index.php\/2018\/08\/03\/deputado-andre-de-paula-recebe-titulo\/"},"modified":"2019-02-09T02:26:42","modified_gmt":"2019-02-09T04:26:42","slug":"deputado-andre-de-paula-recebe-titulo","status":"publish","type":"post","link":"https:\/\/blogdoedvaldomagalhaes.com.br\/index.php\/2018\/08\/03\/deputado-andre-de-paula-recebe-titulo\/","title":{"rendered":"Deputado Andr\u00e9 de Paula recebe T\u00edtulo de Cidad\u00e3o Caruaruense"},"content":{"rendered":"<p><\/p>\n<div class=\"yj6qo\" style=\"-webkit-text-stroke-width: 0px; background-color: white; color: black; font-family: Calibri, Helvetica, sans-serif; font-size: 16px; font-style: normal; font-variant-caps: normal; font-variant-ligatures: normal; font-weight: 400; letter-spacing: normal; orphans: 2; text-align: start; text-decoration-color: initial; text-decoration-style: initial; text-indent: 0px; text-transform: none; white-space: normal; widows: 2; word-spacing: 0px;\">\n<\/div>\n<p><\/p>\n<div class=\"separator\" style=\"clear: both; text-align: center;\">\n<a href=\"https:\/\/4.bp.blogspot.com\/-4B8rvKzX4Zs\/W2R2ABXGmvI\/AAAAAAAA3jg\/QV9zMK1AKp8OzDI3kcAFmrlfYy4qAIxCACLcBGAs\/s1600\/%25C3%25A9.jpg\" imageanchor=\"1\" style=\"margin-left: 1em; margin-right: 1em;\"><img loading=\"lazy\" decoding=\"async\" border=\"0\" data-original-height=\"410\" data-original-width=\"748\" height=\"350\" src=\"http:\/\/blogdoedvaldomagalhaes.com.br\/wp-content\/uploads\/2018\/08\/C3A9.jpg\" width=\"640\" \/><\/a><\/div>\n<div class=\"MsoNormal\" style=\"-webkit-text-stroke-width: 0px; background-color: white; font-style: normal; font-variant-caps: normal; font-variant-ligatures: normal; font-weight: 400; letter-spacing: normal; margin: 0px; orphans: 2; text-align: justify; text-decoration-color: initial; text-decoration-style: initial; text-indent: 0px; text-transform: none; white-space: normal; widows: 2; word-spacing: 0px;\">\n<\/div>\n<div class=\"MsoNormal\" style=\"-webkit-text-stroke-width: 0px; background-color: white; font-style: normal; font-variant-caps: normal; font-variant-ligatures: normal; font-weight: 400; letter-spacing: normal; margin: 0px; orphans: 2; text-align: justify; text-decoration-color: initial; text-decoration-style: initial; text-indent: 0px; text-transform: none; white-space: normal; widows: 2; word-spacing: 0px;\">\nO Deputado Federal, Presidente Estadual do PSD de Pernambuco e 4\u00ba Secret\u00e1rio da C\u00e2mara dos Deputados, Andr\u00e9 de Paula, ir\u00e1 receber o T\u00edtulo de Cidad\u00e3o Caruaruense hoje \u00e0 noite em Sess\u00e3o Solene marcada para acontecer \u00e0s 20hs na C\u00e2mara dos Vereadores. A Comenda foi uma propositura do ent\u00e3o Vereador Tony Gel, no ano de 2010. Al\u00e9m do T\u00edtulo, Andr\u00e9 tamb\u00e9m ir\u00e1 receber a Medalha Jos\u00e9 Rodrigues de Jesus, uma propositura do Vereador, \u00e0 \u00e9poca, em 2002, Capit\u00e3o Jos\u00e9 Luiz, que foi L\u00edder do Governo na Gest\u00e3o do Ex-Prefeito Tony Gel. Em Caruaru, Andr\u00e9 de Paula ir\u00e1 contar com o apoio do Diretor da 4\u00aa CIRETRAN e Ex-candidato a Vice-Prefeito nas elei\u00e7\u00f5es de 2016, Raffi\u00ea Dellon.<u><\/u><u><\/u><\/p>\n<div class=\"separator\" style=\"clear: both; text-align: center;\">\n<a href=\"https:\/\/1.bp.blogspot.com\/-p7wsIfrJL8E\/W2WPB9Hr22I\/AAAAAAAA3lc\/zcpVGVu7qFUrZZmMM1QlBWrB_nifGf7VQCLcBGAs\/s1600\/1.jpg\" imageanchor=\"1\" style=\"margin-left: 1em; margin-right: 1em;\"><img loading=\"lazy\" decoding=\"async\" border=\"0\" data-original-height=\"640\" data-original-width=\"960\" height=\"426\" src=\"http:\/\/blogdoedvaldomagalhaes.com.br\/wp-content\/uploads\/2018\/08\/1-3.jpg\" width=\"640\" \/><\/a><\/div>\n<p><\/div>\n","protected":false},"excerpt":{"rendered":"<p>O Deputado Federal, Presidente Estadual do PSD de Pernambuco e 4\u00ba Secret\u00e1rio da C\u00e2mara dos Deputados, Andr\u00e9 de Paula, ir\u00e1&hellip;<\/p>\n","protected":false},"author":1,"featured_media":0,"comment_status":"open","ping_status":"open","sticky":false,"template":"","format":"standard","meta":{"footnotes":""},"categories":[1],"tags":[2,1644,20],"class_list":["post-1630","post","type-post","status-publish","format-standard","hentry","category-sem-categoria","tag-blog-do-edvaldo-magalhaes","tag-deputado-andre-de-paula-recebe-titulo-de-cidadao-caruaruense","tag-politica"],"_links":{"self":[{"href":"https:\/\/blogdoedvaldomagalhaes.com.br\/index.php\/wp-json\/wp\/v2\/posts\/1630","targetHints":{"allow":["GET"]}}],"collection":[{"href":"https:\/\/blogdoedvaldomagalhaes.com.br\/index.php\/wp-json\/wp\/v2\/posts"}],"about":[{"href":"https:\/\/blogdoedvaldomagalhaes.com.br\/index.php\/wp-json\/wp\/v2\/types\/post"}],"author":[{"embeddable":true,"href":"https:\/\/blogdoedvaldomagalhaes.com.br\/index.php\/wp-json\/wp\/v2\/users\/1"}],"replies":[{"embeddable":true,"href":"https:\/\/blogdoedvaldomagalhaes.com.br\/index.php\/wp-json\/wp\/v2\/comments?post=1630"}],"version-history":[{"count":1,"href":"https:\/\/blogdoedvaldomagalhaes.com.br\/index.php\/wp-json\/wp\/v2\/posts\/1630\/revisions"}],"predecessor-version":[{"id":33198,"href":"https:\/\/blogdoedvaldomagalhaes.com.br\/index.php\/wp-json\/wp\/v2\/posts\/1630\/revisions\/33198"}],"wp:attachment":[{"href":"https:\/\/blogdoedvaldomagalhaes.com.br\/index.php\/wp-json\/wp\/v2\/media?parent=1630"}],"wp:term":[{"taxonomy":"category","embeddable":true,"href":"https:\/\/blogdoedvaldomagalhaes.com.br\/index.php\/wp-json\/wp\/v2\/categories?post=1630"},{"taxonomy":"post_tag","embeddable":true,"href":"https:\/\/blogdoedvaldomagalhaes.com.br\/index.php\/wp-json\/wp\/v2\/tags?post=1630"}],"curies":[{"name":"wp","href":"https:\/\/api.w.org\/{rel}","templated":true}]}}