{"id":1628,"date":"2018-08-03T20:48:00","date_gmt":"2018-08-03T23:48:00","guid":{"rendered":"http:\/\/blogdoedvaldomagalhaes.com.br\/index.php\/2018\/08\/03\/suspeitos-de-integrar-quadrilha-sao\/"},"modified":"2019-02-09T02:26:50","modified_gmt":"2019-02-09T04:26:50","slug":"suspeitos-de-integrar-quadrilha-sao","status":"publish","type":"post","link":"https:\/\/blogdoedvaldomagalhaes.com.br\/index.php\/2018\/08\/03\/suspeitos-de-integrar-quadrilha-sao\/","title":{"rendered":"Suspeitos de integrar quadrilha s\u00e3o presos em Caruaru"},"content":{"rendered":"<div class=\"separator\" style=\"clear: both; text-align: center;\">\n<a href=\"https:\/\/4.bp.blogspot.com\/-65ZZaTIY-18\/W2S-Jf8evrI\/AAAAAAAA3kg\/cTl4hhQwmxEVardcTnLNhDDCeQIIArZiQCLcBGAs\/s1600\/IMG-20180803-WA0130.jpg\" imageanchor=\"1\" style=\"margin-left: 1em; margin-right: 1em;\"><img loading=\"lazy\" decoding=\"async\" border=\"0\" data-original-height=\"960\" data-original-width=\"1280\" height=\"480\" src=\"http:\/\/blogdoedvaldomagalhaes.com.br\/wp-content\/uploads\/2018\/08\/IMG-20180803-WA0130.jpg\" width=\"640\" \/><\/a><\/div>\n<div class=\"separator\" style=\"clear: both; text-align: center;\">\nFotos: Josias Souza&nbsp;<\/div>\n<div class=\"separator\" style=\"clear: both; text-align: center;\">\n<\/div>\n<div class=\"separator\" style=\"clear: both; text-align: center;\">\n<\/div>\n<div style=\"text-align: justify;\">\nPol\u00edcias da ROCAM do 1\u00b0BIEsp, composta pelo SARGENTO VALDEMAR&#8221;CB J.ALVES&#8221; SD SIMON&#8221; com apoio de &nbsp;outras guarni\u00e7\u00f5es, prenderam no fim da manh\u00e3 desta sexta feira (03), Adelvan Cardoso de Oliveira, de 37 anos; Djavan Luiz de Oliveira, de 38 anos e S\u00f4nia Oliveira Cunha, de 42 anos<\/div>\n<div style=\"text-align: justify;\">\n&nbsp;Dentro de uma resid\u00eancia, na Rua Quit\u00e9ria Tavares de Lima, no bairro Indian\u00f3polis em Caruaru.&nbsp;<\/p>\n<p><\/p>\n<div class=\"separator\" style=\"clear: both; text-align: center;\">\n<a href=\"https:\/\/4.bp.blogspot.com\/-P0_UWykPtHs\/W2TDW-MQx8I\/AAAAAAAA3kw\/0SDlb5c91ZA5eN6konX8_mG5TMqYSVNkQCLcBGAs\/s1600\/IMG-20180803-WA0127.jpg\" imageanchor=\"1\" style=\"margin-left: 1em; margin-right: 1em;\"><img loading=\"lazy\" decoding=\"async\" border=\"0\" data-original-height=\"584\" data-original-width=\"1040\" height=\"358\" src=\"http:\/\/blogdoedvaldomagalhaes.com.br\/wp-content\/uploads\/2018\/08\/IMG-20180803-WA0127.jpg\" width=\"640\" \/><\/a><\/div>\n<p><\/div>\n<div style=\"text-align: justify;\">\nCom os mesmos os PMs encontraram 3 celulares, 3 notebooks, 400 reais em esp\u00e9cie, v\u00e1rias folhas de cheques, coletes refletivos, um autom\u00f3vel Fiat e 320 muni\u00e7\u00f5es de fuzil do &nbsp;calibre 556. Justamente s\u00e3o esses armamentos que indiv\u00edduos usa nas investidas criminosas a ag\u00eancia banc\u00e1ria<\/div>\n<div style=\"text-align: justify;\">\n<\/div>\n<div style=\"text-align: justify;\">\n&nbsp;os presos s\u00e3o suspeitos de integrar uma quadrilha de roubo a cargas, al\u00e9m de clonagem de ve\u00edculos, os mesmos v\u00e3o ser investigados pela pol\u00edcia civil, para ver se h\u00e1 liga\u00e7\u00f5es dessas pessoas com os indiv\u00edduos que est\u00e3o estourando caixas eletr\u00f4nicos na regi\u00e3o devido as muni\u00e7\u00f5es encontradas na resid\u00eancia.<\/p>\n<p><\/p>\n<div class=\"separator\" style=\"clear: both; text-align: center;\">\n<a href=\"https:\/\/2.bp.blogspot.com\/-kob7xxI_H8c\/W2TDqHMu-gI\/AAAAAAAA3k4\/SJt9M89WxHon5nxeBI0mX_cQf_7o-tGLgCLcBGAs\/s1600\/IMG-20180803-WA0126.jpg\" imageanchor=\"1\" style=\"margin-left: 1em; margin-right: 1em;\"><img loading=\"lazy\" decoding=\"async\" border=\"0\" data-original-height=\"584\" data-original-width=\"1040\" height=\"358\" src=\"http:\/\/blogdoedvaldomagalhaes.com.br\/wp-content\/uploads\/2018\/08\/IMG-20180803-WA0126.jpg\" width=\"640\" \/><\/a><\/div>\n<p><\/div>\n<div style=\"text-align: justify;\">\nDiante dos fatos todos os presos e o material apreendido foram levados para a Delegacia de Plant\u00e3o, para serem tomadas as medidas cab\u00edveis.<\/div>\n","protected":false},"excerpt":{"rendered":"<p>Fotos: Josias Souza&nbsp; Pol\u00edcias da ROCAM do 1\u00b0BIEsp, composta pelo SARGENTO VALDEMAR&#8221;CB J.ALVES&#8221; SD SIMON&#8221; com apoio de &nbsp;outras guarni\u00e7\u00f5es,&hellip;<\/p>\n","protected":false},"author":1,"featured_media":0,"comment_status":"open","ping_status":"open","sticky":false,"template":"","format":"standard","meta":{"footnotes":""},"categories":[1],"tags":[2,13,1642],"class_list":["post-1628","post","type-post","status-publish","format-standard","hentry","category-sem-categoria","tag-blog-do-edvaldo-magalhaes","tag-policial","tag-suspeitos-de-integrar-quadrilha-sao-presos-em-caruaru"],"_links":{"self":[{"href":"https:\/\/blogdoedvaldomagalhaes.com.br\/index.php\/wp-json\/wp\/v2\/posts\/1628","targetHints":{"allow":["GET"]}}],"collection":[{"href":"https:\/\/blogdoedvaldomagalhaes.com.br\/index.php\/wp-json\/wp\/v2\/posts"}],"about":[{"href":"https:\/\/blogdoedvaldomagalhaes.com.br\/index.php\/wp-json\/wp\/v2\/types\/post"}],"author":[{"embeddable":true,"href":"https:\/\/blogdoedvaldomagalhaes.com.br\/index.php\/wp-json\/wp\/v2\/users\/1"}],"replies":[{"embeddable":true,"href":"https:\/\/blogdoedvaldomagalhaes.com.br\/index.php\/wp-json\/wp\/v2\/comments?post=1628"}],"version-history":[{"count":1,"href":"https:\/\/blogdoedvaldomagalhaes.com.br\/index.php\/wp-json\/wp\/v2\/posts\/1628\/revisions"}],"predecessor-version":[{"id":33204,"href":"https:\/\/blogdoedvaldomagalhaes.com.br\/index.php\/wp-json\/wp\/v2\/posts\/1628\/revisions\/33204"}],"wp:attachment":[{"href":"https:\/\/blogdoedvaldomagalhaes.com.br\/index.php\/wp-json\/wp\/v2\/media?parent=1628"}],"wp:term":[{"taxonomy":"category","embeddable":true,"href":"https:\/\/blogdoedvaldomagalhaes.com.br\/index.php\/wp-json\/wp\/v2\/categories?post=1628"},{"taxonomy":"post_tag","embeddable":true,"href":"https:\/\/blogdoedvaldomagalhaes.com.br\/index.php\/wp-json\/wp\/v2\/tags?post=1628"}],"curies":[{"name":"wp","href":"https:\/\/api.w.org\/{rel}","templated":true}]}}