{"id":1626,"date":"2018-08-04T11:26:00","date_gmt":"2018-08-04T14:26:00","guid":{"rendered":"http:\/\/blogdoedvaldomagalhaes.com.br\/index.php\/2018\/08\/04\/convencoes-oficializam-neste-fim-de\/"},"modified":"2019-02-09T02:26:51","modified_gmt":"2019-02-09T04:26:51","slug":"convencoes-oficializam-neste-fim-de","status":"publish","type":"post","link":"https:\/\/blogdoedvaldomagalhaes.com.br\/index.php\/2018\/08\/04\/convencoes-oficializam-neste-fim-de\/","title":{"rendered":"Conven\u00e7\u00f5es oficializam neste fim de semana candidaturas de Armando Monteiro e Paulo C\u00e2mara"},"content":{"rendered":"<div class=\"separator\" style=\"clear: both; text-align: center;\">\n<a href=\"https:\/\/4.bp.blogspot.com\/-G2nYHeFJkvw\/W2WNagZcGMI\/AAAAAAAA3lQ\/o7qFbYF-JAgxvPBrrgJBSJwl2vJn1-99QCLcBGAs\/s1600\/cammara.jpg\" imageanchor=\"1\" style=\"margin-left: 1em; margin-right: 1em;\"><img loading=\"lazy\" decoding=\"async\" border=\"0\" data-original-height=\"280\" data-original-width=\"300\" height=\"597\" src=\"http:\/\/blogdoedvaldomagalhaes.com.br\/wp-content\/uploads\/2018\/08\/cammara.jpg\" width=\"640\" \/><\/a><\/div>\n<p><\/p>\n<div style=\"background-color: white; box-sizing: border-box; line-height: 24px; margin-bottom: 10px; text-align: justify;\">\nA frente de oposi\u00e7\u00e3o \u201cPernambuco Vai Mudar\u201d realiza conven\u00e7\u00e3o neste s\u00e1bado (04) para oficializar o nome do senador Armando Monteiro, do PTB, como candidato ao Governo de Pernambuco. O evento acontecer\u00e1 no Classic Hall, em Olinda, a partir das 9h.<\/div>\n<div style=\"background-color: white; box-sizing: border-box; line-height: 24px; margin-bottom: 10px; text-align: justify;\">\nJ\u00e1 neste domingo (05), ser\u00e1 a vez do PSB homologar a candidatura \u00e0 reelei\u00e7\u00e3o do governador Paulo C\u00e2mara. A conven\u00e7\u00e3o ser\u00e1 realizada no Clube Internacional do Recife, a partir das 10h.<\/div>\n<div style=\"background-color: white; box-sizing: border-box; line-height: 24px; margin-bottom: 10px; text-align: justify;\">\n<\/div>\n","protected":false},"excerpt":{"rendered":"<p>A frente de oposi\u00e7\u00e3o \u201cPernambuco Vai Mudar\u201d realiza conven\u00e7\u00e3o neste s\u00e1bado (04) para oficializar o nome do senador Armando Monteiro,&hellip;<\/p>\n","protected":false},"author":1,"featured_media":0,"comment_status":"open","ping_status":"open","sticky":false,"template":"","format":"standard","meta":{"footnotes":""},"categories":[1],"tags":[2,1640,20],"class_list":["post-1626","post","type-post","status-publish","format-standard","hentry","category-sem-categoria","tag-blog-do-edvaldo-magalhaes","tag-convencoes-oficializam-neste-fim-de-semana-candidaturas-de-armando-monteiro-e-paulo-camara","tag-politica"],"_links":{"self":[{"href":"https:\/\/blogdoedvaldomagalhaes.com.br\/index.php\/wp-json\/wp\/v2\/posts\/1626","targetHints":{"allow":["GET"]}}],"collection":[{"href":"https:\/\/blogdoedvaldomagalhaes.com.br\/index.php\/wp-json\/wp\/v2\/posts"}],"about":[{"href":"https:\/\/blogdoedvaldomagalhaes.com.br\/index.php\/wp-json\/wp\/v2\/types\/post"}],"author":[{"embeddable":true,"href":"https:\/\/blogdoedvaldomagalhaes.com.br\/index.php\/wp-json\/wp\/v2\/users\/1"}],"replies":[{"embeddable":true,"href":"https:\/\/blogdoedvaldomagalhaes.com.br\/index.php\/wp-json\/wp\/v2\/comments?post=1626"}],"version-history":[{"count":1,"href":"https:\/\/blogdoedvaldomagalhaes.com.br\/index.php\/wp-json\/wp\/v2\/posts\/1626\/revisions"}],"predecessor-version":[{"id":33208,"href":"https:\/\/blogdoedvaldomagalhaes.com.br\/index.php\/wp-json\/wp\/v2\/posts\/1626\/revisions\/33208"}],"wp:attachment":[{"href":"https:\/\/blogdoedvaldomagalhaes.com.br\/index.php\/wp-json\/wp\/v2\/media?parent=1626"}],"wp:term":[{"taxonomy":"category","embeddable":true,"href":"https:\/\/blogdoedvaldomagalhaes.com.br\/index.php\/wp-json\/wp\/v2\/categories?post=1626"},{"taxonomy":"post_tag","embeddable":true,"href":"https:\/\/blogdoedvaldomagalhaes.com.br\/index.php\/wp-json\/wp\/v2\/tags?post=1626"}],"curies":[{"name":"wp","href":"https:\/\/api.w.org\/{rel}","templated":true}]}}