{"id":1625,"date":"2018-08-04T19:34:00","date_gmt":"2018-08-04T22:34:00","guid":{"rendered":"http:\/\/blogdoedvaldomagalhaes.com.br\/index.php\/2018\/08\/04\/filho-acusado-de-matar-propria-mae-e\/"},"modified":"2019-02-09T02:26:52","modified_gmt":"2019-02-09T04:26:52","slug":"filho-acusado-de-matar-propria-mae-e","status":"publish","type":"post","link":"https:\/\/blogdoedvaldomagalhaes.com.br\/index.php\/2018\/08\/04\/filho-acusado-de-matar-propria-mae-e\/","title":{"rendered":"Filho acusado de matar a pr\u00f3pria m\u00e3e em Catende"},"content":{"rendered":"<div class=\"separator\" style=\"clear: both; text-align: center;\">\n<a href=\"https:\/\/4.bp.blogspot.com\/-YtoGzTeIvsA\/W2X3oCnzp9I\/AAAAAAAA3lw\/k8YeDRpEDr8Oyew2InMqhUKodsmwDKiFQCLcBGAs\/s1600\/IMG-20180804-WA0108.jpg\" imageanchor=\"1\" style=\"margin-left: 1em; margin-right: 1em;\"><img loading=\"lazy\" decoding=\"async\" border=\"0\" data-original-height=\"672\" data-original-width=\"403\" height=\"640\" src=\"http:\/\/blogdoedvaldomagalhaes.com.br\/wp-content\/uploads\/2018\/08\/IMG-20180804-WA0108.jpg\" width=\"382\" \/><\/a>&nbsp;<\/div>\n<div class=\"separator\" style=\"clear: both; text-align: center;\">\nFotos: Reprodu\u00e7\u00e3o\/Whatsapp&nbsp;<\/div>\n<div class=\"separator\" style=\"clear: both; text-align: center;\">\n<\/div>\n<div style=\"text-align: justify;\">\n<div style=\"background-color: white; box-sizing: border-box; line-height: 24px; margin-bottom: 10px; text-align: justify;\">\nUm crime b\u00e1rbaro aconteceu por volta das 13h, deste s\u00e1bado (04), no distrito de Laje Grande, em Catende, na Zona da Mata Sul de Pernambuco. Um jovem de 19 anos matou a pr\u00f3pria m\u00e3e, de 35, com tr\u00eas meses de gravidez.<\/div>\n<div style=\"background-color: white; box-sizing: border-box; line-height: 24px; margin-bottom: 10px; text-align: justify;\">\nDe acordo com informa\u00e7\u00f5es da Pol\u00edcia Civil, a v\u00edtima foi atingida com v\u00e1rios tiros. O jovem queria roubar 1 mil reais, uma pistola e um rev\u00f3lver calibre 38 que estavam guardados na casa da m\u00e3e, que era dona de um bar.<\/div>\n<div style=\"background-color: white; box-sizing: border-box; line-height: 24px; margin-bottom: 10px; text-align: justify;\">\nAdriel Werick da Silva, de 19 anos, teria sa\u00eddo de Jaboat\u00e3o dos Guararapes, na Regi\u00e3o Metropolitana do Recife, para ir morar com a m\u00e3e, Maria Luciv\u00e2nia da Silva, de 35 anos, ap\u00f3s cometer crimes. Ele tamb\u00e9m chegou a sofrer uma tentativa de homic\u00eddio em Catende.<\/div>\n<div style=\"background-color: white; box-sizing: border-box; line-height: 24px; margin-bottom: 10px; text-align: justify;\">\nO jovem foi preso e levado para a Delegacia de Catende. Ele ser\u00e1 apresentado em audi\u00eancia de cust\u00f3dia em Palmares. O corpo da m\u00e3e dele foi encaminhado para o Instituto de Medicina Legal (IML) de Caruaru.<\/div>\n<div class=\"separator\" style=\"clear: both; text-align: center;\">\n<a href=\"https:\/\/2.bp.blogspot.com\/-KVekc8q2fIA\/W2YbPT479aI\/AAAAAAAA3l8\/3IGw9MgZAmI8uzpryiXJEIyXhyuSQLM6QCLcBGAs\/s1600\/IMG-20180804-WA0161.jpg\" imageanchor=\"1\" style=\"margin-left: 1em; margin-right: 1em;\"><img loading=\"lazy\" decoding=\"async\" border=\"0\" data-original-height=\"720\" data-original-width=\"540\" height=\"640\" src=\"http:\/\/blogdoedvaldomagalhaes.com.br\/wp-content\/uploads\/2018\/08\/IMG-20180804-WA0161.jpg\" width=\"480\" \/><\/a><\/div>\n<div class=\"separator\" style=\"clear: both; text-align: center;\">\nFoto da v\u00edtima<\/div>\n<div class=\"separator\" style=\"clear: both; text-align: center;\">\n<\/div>\n<div class=\"_5pbx userContent _3576\" data-ft=\"{&quot;tn&quot;:&quot;K&quot;}\" id=\"js_5kr\" style=\"background-color: white; line-height: 1.38; margin-top: 6px; text-align: start;\">\n<div class=\"text_exposed_root text_exposed\" id=\"id_5b6767bdb44827c53221804\" style=\"display: inline;\">\n<div style=\"margin-bottom: 6px; margin-top: 6px; text-align: justify;\">\nSegundo informa\u00e7\u00f5es, o filho \u00e9 muito agressivo e pediu dinheiro a sua m\u00e3e, sabendo ele, que a m\u00e3e estaria com a quantia de&nbsp;mil&nbsp;reais na resid\u00eancia, al\u00e9m de duas armas de fogo. Ela sempre negava,&nbsp;o acusado foi no quarto da m\u00e3e e pegou uma arma de fogo, que era da propriedade dela e efetuou v\u00e1rios disparos de arma de fogo contra a mesma que veio a \u00f3bito no local. O crime foi registrado na delegacia como latroc\u00ednio.&nbsp;<\/div>\n<div style=\"margin-bottom: 6px; margin-top: 6px; text-align: justify;\">\n<\/div>\n<div class=\"text_exposed_show\" style=\"display: inline;\">\n<div style=\"margin-bottom: 6px; margin-top: 6px; text-align: justify;\">\nSegundo informa\u00e7\u00f5es da Pol\u00edcia Civil, Maria Luciv\u00e2nia j\u00e1 teve passagem pelo sistema prisional, acusada de tr\u00e1fico de drogas.&nbsp;<\/div>\n<\/div>\n<\/div>\n<\/div>\n<div class=\"separator\" style=\"clear: both; text-align: justify;\">\n<\/div>\n<div class=\"separator\" style=\"clear: both; text-align: center;\">\n<a href=\"https:\/\/2.bp.blogspot.com\/-c9ku2ELL1wU\/W2YbSLpgYHI\/AAAAAAAA3mA\/XXU7CH0hsAMFgF06mhpieRvw5rHGcaDcgCLcBGAs\/s1600\/IMG-20180804-WA0147.jpg\" imageanchor=\"1\" style=\"margin-left: 1em; margin-right: 1em;\"><img loading=\"lazy\" decoding=\"async\" border=\"0\" data-original-height=\"1280\" data-original-width=\"720\" height=\"640\" src=\"http:\/\/blogdoedvaldomagalhaes.com.br\/wp-content\/uploads\/2018\/08\/IMG-20180804-WA0147.jpg\" width=\"360\" \/><\/a><\/div>\n<div class=\"separator\" style=\"clear: both; text-align: center;\">\nFoto do acusado preso<\/div>\n<div class=\"separator\" style=\"clear: both; text-align: center;\">\n<\/div>\n<div class=\"separator\" style=\"clear: both; text-align: center;\">\n<\/div>\n<p><\/div>\n","protected":false},"excerpt":{"rendered":"<p>&nbsp; Fotos: Reprodu\u00e7\u00e3o\/Whatsapp&nbsp; Um crime b\u00e1rbaro aconteceu por volta das 13h, deste s\u00e1bado (04), no distrito de Laje Grande, em&hellip;<\/p>\n","protected":false},"author":1,"featured_media":0,"comment_status":"open","ping_status":"open","sticky":false,"template":"","format":"standard","meta":{"footnotes":""},"categories":[1],"tags":[2,1639,13],"class_list":["post-1625","post","type-post","status-publish","format-standard","hentry","category-sem-categoria","tag-blog-do-edvaldo-magalhaes","tag-filho-acusado-de-matar-a-propria-mae-em-catende","tag-policial"],"_links":{"self":[{"href":"https:\/\/blogdoedvaldomagalhaes.com.br\/index.php\/wp-json\/wp\/v2\/posts\/1625","targetHints":{"allow":["GET"]}}],"collection":[{"href":"https:\/\/blogdoedvaldomagalhaes.com.br\/index.php\/wp-json\/wp\/v2\/posts"}],"about":[{"href":"https:\/\/blogdoedvaldomagalhaes.com.br\/index.php\/wp-json\/wp\/v2\/types\/post"}],"author":[{"embeddable":true,"href":"https:\/\/blogdoedvaldomagalhaes.com.br\/index.php\/wp-json\/wp\/v2\/users\/1"}],"replies":[{"embeddable":true,"href":"https:\/\/blogdoedvaldomagalhaes.com.br\/index.php\/wp-json\/wp\/v2\/comments?post=1625"}],"version-history":[{"count":1,"href":"https:\/\/blogdoedvaldomagalhaes.com.br\/index.php\/wp-json\/wp\/v2\/posts\/1625\/revisions"}],"predecessor-version":[{"id":33212,"href":"https:\/\/blogdoedvaldomagalhaes.com.br\/index.php\/wp-json\/wp\/v2\/posts\/1625\/revisions\/33212"}],"wp:attachment":[{"href":"https:\/\/blogdoedvaldomagalhaes.com.br\/index.php\/wp-json\/wp\/v2\/media?parent=1625"}],"wp:term":[{"taxonomy":"category","embeddable":true,"href":"https:\/\/blogdoedvaldomagalhaes.com.br\/index.php\/wp-json\/wp\/v2\/categories?post=1625"},{"taxonomy":"post_tag","embeddable":true,"href":"https:\/\/blogdoedvaldomagalhaes.com.br\/index.php\/wp-json\/wp\/v2\/tags?post=1625"}],"curies":[{"name":"wp","href":"https:\/\/api.w.org\/{rel}","templated":true}]}}