{"id":1624,"date":"2018-08-05T19:52:00","date_gmt":"2018-08-05T22:52:00","guid":{"rendered":"http:\/\/blogdoedvaldomagalhaes.com.br\/index.php\/2018\/08\/05\/oposicao-encabecada-por-armando\/"},"modified":"2019-02-09T02:26:52","modified_gmt":"2019-02-09T04:26:52","slug":"oposicao-encabecada-por-armando","status":"publish","type":"post","link":"https:\/\/blogdoedvaldomagalhaes.com.br\/index.php\/2018\/08\/05\/oposicao-encabecada-por-armando\/","title":{"rendered":"Oposi\u00e7\u00e3o encabe\u00e7ada por Armando Monteiro realiza conven\u00e7\u00e3o"},"content":{"rendered":"<div class=\"separator\" style=\"clear: both; text-align: center;\">\n<a href=\"https:\/\/2.bp.blogspot.com\/-8vFU3jKUt9g\/W2dVQ2W70DI\/AAAAAAAA3sU\/4X-wIv72-a4U69XRuMiBoa8_xUZFehdQQCLcBGAs\/s1600\/armando.jpg\" imageanchor=\"1\" style=\"margin-left: 1em; margin-right: 1em;\"><img loading=\"lazy\" decoding=\"async\" border=\"0\" data-original-height=\"522\" data-original-width=\"930\" height=\"354\" src=\"http:\/\/blogdoedvaldomagalhaes.com.br\/wp-content\/uploads\/2018\/08\/armando.jpg\" width=\"640\" \/><\/a><\/div>\n<div class=\"separator\" style=\"clear: both; text-align: center;\">\nFoto: Arthur Mota\/Folha de Pernambuco<\/div>\n<div style=\"text-align: justify;\">\n<\/div>\n<div style=\"text-align: justify;\">\nMilitantes de todas as regi\u00f5es do Estado participam, neste s\u00e1bado (4), da conven\u00e7\u00e3o do grupo de oposi\u00e7\u00e3o \u201cPernambuco Vai Mudar\u201d, encabe\u00e7ado pelo senador Armando Monteiro Neto (PTB), pr\u00e9-candidato ao governo do Estado. O evento foi realizado no Classic Hall, em Olinda.<\/div>\n<div style=\"text-align: justify;\">\n<\/div>\n<div style=\"text-align: justify;\">\nO vereador Fred Ferreira (PSC) ir\u00e1 concorrer ao cargo de vice-governador. Na chapa majorit\u00e1ria, tamb\u00e9m ser\u00e3o oficializadas as candidaturas de Bruno Ara\u00fajo e Mendon\u00e7a Filho ao Senado.<\/div>\n<div style=\"text-align: justify;\">\n<\/div>\n<div style=\"text-align: justify;\">\nOs prefeitos de Gravat\u00e1, Joaquim Neto (PSDB), de Ipojuca, C\u00e9lia Sales (PTB), e de Petrolina, Miguel Coelho (PSB), est\u00e3o entre os representantes do interior que vieram trazer sua milit\u00e2ncia. O grupo dos Ferreiras, que foi anunciado na \u00faltima sexta-feira (3), trouxe um n\u00famero expressivo de militantes e seus candidatos ao Legislativo t\u00eam feito um discurso voltado ao segmento evang\u00e9lico.<\/div>\n<div style=\"text-align: justify;\">\n<\/div>\n<div style=\"text-align: justify;\">\nChapa majorit\u00e1ria<\/div>\n<div style=\"text-align: justify;\">\nPTB, DEM, PSDB, PRB, Podemos, PSC, PSDC, PMB, PHS, PSL, PRTB, PV, PPS<\/div>\n<div style=\"text-align: justify;\">\n<\/div>\n<div style=\"text-align: justify;\">\n13 partidos apoiando<\/div>\n<div style=\"text-align: justify;\">\n<\/div>\n<div style=\"text-align: justify;\">\nTotal de candidatos proporcionais: 94<\/div>\n<div style=\"text-align: justify;\">\n<\/div>\n<div style=\"text-align: justify;\">\nDeputados federais: 27<\/div>\n<div style=\"text-align: justify;\">\nDeputados estaduais: 67<\/div>\n<div style=\"text-align: justify;\">\n<\/div>\n<div style=\"text-align: justify;\">\nColiga\u00e7\u00e3o Estadual 1<\/div>\n<div style=\"text-align: justify;\">\nPTB, DEM, PSDB, PRB, Podemos<\/div>\n<div style=\"text-align: justify;\">\n<\/div>\n<div style=\"text-align: justify;\">\nColiga\u00e7\u00e3o Estadual 2<\/div>\n<div style=\"text-align: justify;\">\nPSC, PSDC, PMB<\/div>\n<div style=\"text-align: justify;\">\n<\/div>\n<div style=\"text-align: justify;\">\nColiga\u00e7\u00e3o Estadual 3<\/div>\n<div style=\"text-align: justify;\">\nPPS<\/div>\n<div style=\"text-align: justify;\">\n<\/div>\n<div style=\"text-align: justify;\">\nColiga\u00e7\u00e3o Estadual 4<\/div>\n<div style=\"text-align: justify;\">\nPV, PRTB, PSL, PHS<\/div>\n<div style=\"text-align: justify;\">\n<\/div>\n<div style=\"text-align: justify;\">\nColiga\u00e7\u00e3o federal 1<\/div>\n<div style=\"text-align: justify;\">\nPTB, DEM, PSDB, PRB, PSC, Podemos, PPS<\/div>\n<div style=\"text-align: justify;\">\n<\/div>\n<div style=\"text-align: justify;\">\nColiga\u00e7\u00e3o federal 2<\/div>\n<div style=\"text-align: justify;\">\nPV, PRTB, PSL, PHS<\/div>\n<div style=\"text-align: justify;\">\n<\/div>\n<div style=\"text-align: justify;\">\n<\/div>\n<div style=\"text-align: justify;\">\n<\/div>\n<div style=\"text-align: justify;\">\nDo Blog da FolhaPE<\/div>\n","protected":false},"excerpt":{"rendered":"<p>Foto: Arthur Mota\/Folha de Pernambuco Militantes de todas as regi\u00f5es do Estado participam, neste s\u00e1bado (4), da conven\u00e7\u00e3o do grupo&hellip;<\/p>\n","protected":false},"author":1,"featured_media":0,"comment_status":"open","ping_status":"open","sticky":false,"template":"","format":"standard","meta":{"footnotes":""},"categories":[1],"tags":[2,1638,20],"class_list":["post-1624","post","type-post","status-publish","format-standard","hentry","category-sem-categoria","tag-blog-do-edvaldo-magalhaes","tag-oposicao-encabecada-por-armando-monteiro-realiza-convencao","tag-politica"],"_links":{"self":[{"href":"https:\/\/blogdoedvaldomagalhaes.com.br\/index.php\/wp-json\/wp\/v2\/posts\/1624","targetHints":{"allow":["GET"]}}],"collection":[{"href":"https:\/\/blogdoedvaldomagalhaes.com.br\/index.php\/wp-json\/wp\/v2\/posts"}],"about":[{"href":"https:\/\/blogdoedvaldomagalhaes.com.br\/index.php\/wp-json\/wp\/v2\/types\/post"}],"author":[{"embeddable":true,"href":"https:\/\/blogdoedvaldomagalhaes.com.br\/index.php\/wp-json\/wp\/v2\/users\/1"}],"replies":[{"embeddable":true,"href":"https:\/\/blogdoedvaldomagalhaes.com.br\/index.php\/wp-json\/wp\/v2\/comments?post=1624"}],"version-history":[{"count":1,"href":"https:\/\/blogdoedvaldomagalhaes.com.br\/index.php\/wp-json\/wp\/v2\/posts\/1624\/revisions"}],"predecessor-version":[{"id":33214,"href":"https:\/\/blogdoedvaldomagalhaes.com.br\/index.php\/wp-json\/wp\/v2\/posts\/1624\/revisions\/33214"}],"wp:attachment":[{"href":"https:\/\/blogdoedvaldomagalhaes.com.br\/index.php\/wp-json\/wp\/v2\/media?parent=1624"}],"wp:term":[{"taxonomy":"category","embeddable":true,"href":"https:\/\/blogdoedvaldomagalhaes.com.br\/index.php\/wp-json\/wp\/v2\/categories?post=1624"},{"taxonomy":"post_tag","embeddable":true,"href":"https:\/\/blogdoedvaldomagalhaes.com.br\/index.php\/wp-json\/wp\/v2\/tags?post=1624"}],"curies":[{"name":"wp","href":"https:\/\/api.w.org\/{rel}","templated":true}]}}