{"id":1621,"date":"2018-08-05T20:29:00","date_gmt":"2018-08-05T23:29:00","guid":{"rendered":"http:\/\/blogdoedvaldomagalhaes.com.br\/index.php\/2018\/08\/05\/confirmada-dobradinha-tony-gel-e\/"},"modified":"2019-02-09T02:26:53","modified_gmt":"2019-02-09T04:26:53","slug":"confirmada-dobradinha-tony-gel-e","status":"publish","type":"post","link":"https:\/\/blogdoedvaldomagalhaes.com.br\/index.php\/2018\/08\/05\/confirmada-dobradinha-tony-gel-e\/","title":{"rendered":"Confirmada dobradinha: Tony Gel e Tonynho Rodrigues nas elei\u00e7\u00f5es de 2018"},"content":{"rendered":"<div class=\"separator\" style=\"clear: both; text-align: center;\">\n<a href=\"https:\/\/2.bp.blogspot.com\/-WPkmU3ynyks\/W2ddHrPFT8I\/AAAAAAAA3tE\/yKkSVoQ2uPoVgW6aVIu1v08ZTImXb-DKACLcBGAs\/s1600\/tony.jpg\" imageanchor=\"1\" style=\"margin-left: 1em; margin-right: 1em;\"><img loading=\"lazy\" decoding=\"async\" border=\"0\" data-original-height=\"960\" data-original-width=\"1280\" height=\"480\" src=\"http:\/\/blogdoedvaldomagalhaes.com.br\/wp-content\/uploads\/2018\/08\/tony.jpg\" width=\"640\" \/><\/a><\/div>\n<div style=\"-webkit-text-stroke-width: 0px; background-color: white; border: 0px; color: #4b4b4b; float: none; font-family: &quot;Open Sans&quot;, sans-serif; font-size: 16px; font-style: normal; font-variant-caps: normal; font-variant-ligatures: normal; font-weight: 400; letter-spacing: normal; margin: 10px 0px; orphans: 2; outline: 0px; padding: 0px; text-align: center; text-decoration-color: initial; text-decoration-style: initial; text-indent: 0px; text-transform: none; vertical-align: baseline; white-space: normal; widows: 2; word-spacing: 0px;\">\n<a href=\"http:\/\/blogdomarioflavio.com.br\/vs1\/_apoio\/2018-06-29-cazanova.jpg\" style=\"border: 0px; color: #a4a4a4; font-family: inherit; font-size: 16px; font-style: inherit; font-weight: inherit; margin: 0px; outline: 0px; padding: 0px; vertical-align: baseline;\"><\/a><\/div>\n<div style=\"-webkit-text-stroke-width: 0px; background-color: white; border: 0px; clear: both; color: #4b4b4b; font-family: &quot;Open Sans&quot;, sans-serif; font-size: 0px; font-style: normal; font-variant-caps: normal; font-variant-ligatures: normal; font-weight: 400; height: 0px; letter-spacing: normal; line-height: 0px; margin: 0px; orphans: 2; outline: 0px; padding: 0px; text-align: start; text-decoration-color: initial; text-decoration-style: initial; text-indent: 0px; text-transform: none; vertical-align: baseline; white-space: normal; widows: 2; word-spacing: 0px;\">\n<\/div>\n<div class=\"wp_rp_wrap  wp_rp_vertical_m\" id=\"wp_rp_first\" style=\"-webkit-text-stroke-width: 0px; background-color: white; border: 0px; color: #4b4b4b; font-family: &quot;Open Sans&quot;, sans-serif; font-size: 16px; font-style: normal; font-variant-caps: normal; font-variant-ligatures: normal; font-weight: 400; letter-spacing: normal; margin: 0px; orphans: 2; outline: 0px; padding: 0px; text-align: start; text-decoration-color: initial; text-decoration-style: initial; text-indent: 0px; text-transform: none; vertical-align: baseline; white-space: normal; widows: 2; word-spacing: 0px;\">\n<div class=\"wp_rp_content\" style=\"border: 0px; display: inline-block !important; font-family: inherit; font-size: 16px; font-style: inherit; font-weight: inherit; margin: 0px; outline: 0px; padding: 0px; vertical-align: baseline;\">\n<\/div>\n<\/div>\n<p><\/p>\n<div style=\"-webkit-text-stroke-width: 0px; background-color: white; border: 0px; font-style: normal; font-variant-caps: normal; font-variant-ligatures: normal; font-weight: 400; letter-spacing: normal; margin: 0px 0px 1.5em; orphans: 2; outline: 0px; padding: 0px; text-align: justify; text-decoration-color: initial; text-decoration-style: initial; text-indent: 0px; text-transform: none; vertical-align: baseline; white-space: normal; widows: 2; word-spacing: 0px;\">\nOs dois confirmaram suas candidaturas nas conven\u00e7\u00f5es deste fim de semana, Tony Gel como candidatos a deputado estadual pelo MDB e Tonynho Rodrigues como candidato a deputado federal pelo Solidariedade, ambos marcam presen\u00e7a na conven\u00e7\u00e3o da Frente Popular, em Recife, neste domingo (05).<\/div>\n","protected":false},"excerpt":{"rendered":"<p>Os dois confirmaram suas candidaturas nas conven\u00e7\u00f5es deste fim de semana, Tony Gel como candidatos a deputado estadual pelo MDB&hellip;<\/p>\n","protected":false},"author":1,"featured_media":0,"comment_status":"open","ping_status":"open","sticky":false,"template":"","format":"standard","meta":{"footnotes":""},"categories":[1],"tags":[2,1635,20],"class_list":["post-1621","post","type-post","status-publish","format-standard","hentry","category-sem-categoria","tag-blog-do-edvaldo-magalhaes","tag-confirmada-dobradinha-tony-gel-e-tonynho-rodrigues-nas-eleicoes-de-2018","tag-politica"],"_links":{"self":[{"href":"https:\/\/blogdoedvaldomagalhaes.com.br\/index.php\/wp-json\/wp\/v2\/posts\/1621","targetHints":{"allow":["GET"]}}],"collection":[{"href":"https:\/\/blogdoedvaldomagalhaes.com.br\/index.php\/wp-json\/wp\/v2\/posts"}],"about":[{"href":"https:\/\/blogdoedvaldomagalhaes.com.br\/index.php\/wp-json\/wp\/v2\/types\/post"}],"author":[{"embeddable":true,"href":"https:\/\/blogdoedvaldomagalhaes.com.br\/index.php\/wp-json\/wp\/v2\/users\/1"}],"replies":[{"embeddable":true,"href":"https:\/\/blogdoedvaldomagalhaes.com.br\/index.php\/wp-json\/wp\/v2\/comments?post=1621"}],"version-history":[{"count":1,"href":"https:\/\/blogdoedvaldomagalhaes.com.br\/index.php\/wp-json\/wp\/v2\/posts\/1621\/revisions"}],"predecessor-version":[{"id":33222,"href":"https:\/\/blogdoedvaldomagalhaes.com.br\/index.php\/wp-json\/wp\/v2\/posts\/1621\/revisions\/33222"}],"wp:attachment":[{"href":"https:\/\/blogdoedvaldomagalhaes.com.br\/index.php\/wp-json\/wp\/v2\/media?parent=1621"}],"wp:term":[{"taxonomy":"category","embeddable":true,"href":"https:\/\/blogdoedvaldomagalhaes.com.br\/index.php\/wp-json\/wp\/v2\/categories?post=1621"},{"taxonomy":"post_tag","embeddable":true,"href":"https:\/\/blogdoedvaldomagalhaes.com.br\/index.php\/wp-json\/wp\/v2\/tags?post=1621"}],"curies":[{"name":"wp","href":"https:\/\/api.w.org\/{rel}","templated":true}]}}