{"id":1620,"date":"2018-08-05T20:43:00","date_gmt":"2018-08-05T23:43:00","guid":{"rendered":"http:\/\/blogdoedvaldomagalhaes.com.br\/index.php\/2018\/08\/05\/chapa-da-frente-popular-paulo-luciana\/"},"modified":"2019-02-09T02:26:53","modified_gmt":"2019-02-09T04:26:53","slug":"chapa-da-frente-popular-paulo-luciana","status":"publish","type":"post","link":"https:\/\/blogdoedvaldomagalhaes.com.br\/index.php\/2018\/08\/05\/chapa-da-frente-popular-paulo-luciana\/","title":{"rendered":"Chapa da Frente Popular: Paulo, Luciana, Jarbas e Humberto como o Blog havia antecipado no in\u00edcio de julho"},"content":{"rendered":"<div class=\"separator\" style=\"clear: both; text-align: center;\">\n<a href=\"https:\/\/3.bp.blogspot.com\/-8HTZOkiN2vE\/W2de9vPdjXI\/AAAAAAAA3tQ\/ty0o4D4E5tY33FCcrosk30iMVr5mrnlRACLcBGAs\/s1600\/paulo.jpg\" imageanchor=\"1\" style=\"margin-left: 1em; margin-right: 1em;\"><img loading=\"lazy\" decoding=\"async\" border=\"0\" data-original-height=\"720\" data-original-width=\"960\" height=\"480\" src=\"http:\/\/blogdoedvaldomagalhaes.com.br\/wp-content\/uploads\/2018\/08\/paulo.jpg\" width=\"640\" \/><\/a><\/div>\n<div style=\"text-align: center;\">\nFoto: M\u00e1rio Fl\u00e1vio<\/div>\n<div style=\"text-align: center;\">\n<\/div>\n<div style=\"background-color: white; border: 0px; margin-bottom: 1.5em; outline: 0px; padding: 0px; text-align: justify; vertical-align: baseline;\">\nA chapa da Frente Popular foi homologada em conven\u00e7\u00e3o no Recife, neste domingo (05). Paulo C\u00e2mara (PSB) vai concorrer \u00e0 reelei\u00e7\u00e3o, a candidata a vice \u00e9 a atual deputada federal Luciana Santos (PCdoB), os&nbsp; candidatos ao senado s\u00e3o Jarbas Vasconcelos (MDB) e Humberto Costa (PT).&nbsp;Essa chapa foi antecipada pelo Blog do Edvaldo Magalh\u00e3es, no \u00faltimo dia 08 de julho.<\/div>\n<div style=\"background-color: white; border: 0px; margin: 0px 0px 1.5em; outline: 0px; padding: 0px; text-align: justify; text-indent: 0px; vertical-align: baseline;\">\n<div class=\"separator\" style=\"clear: both; text-align: center;\">\n<a href=\"https:\/\/1.bp.blogspot.com\/-7KB11NYdiB4\/W2d9oPU_koI\/AAAAAAAA3uA\/bL6yB1ENA_kiZ-I7Za37hmQPzCsOcdfDgCLcBGAs\/s1600\/rafa.jpg\" imageanchor=\"1\" style=\"margin-left: 1em; margin-right: 1em;\"><img loading=\"lazy\" decoding=\"async\" border=\"0\" data-original-height=\"365\" data-original-width=\"475\" height=\"490\" src=\"http:\/\/blogdoedvaldomagalhaes.com.br\/wp-content\/uploads\/2018\/08\/rafa.jpg\" width=\"640\" \/><\/a><\/div>\n<div class=\"separator\" style=\"clear: both; text-align: center;\">\nFoto: Rafael Furtado\/Folha de Pernambuco<\/div>\n<div style=\"font-style: normal; font-weight: 400; letter-spacing: normal; text-transform: none; white-space: normal; word-spacing: 0px;\">\n<\/div>\n<p>A coliga\u00e7\u00e3o \u00e9 formada por PSB, PT, MDB, PCdoB, PSD, PR, PP, Solidariedade, PPL, PMN, Patriotas e PRP. O grupo ainda tentar segurar o PROS e PDT, que est\u00e3o tentando articular uma terceira via.<\/p>\n<p>Humberto Costa afirmou que o momento que Pernambuco mais cresceu foi com a parceria entre o ex-governador Eduardo Campos e o presidente Lula, e que Paulo C\u00e2mara sofreu discrimina\u00e7\u00e3o do governo Temer. \u201cEm Bras\u00edlia, jamais faltei a um chamamento seu. Juntos, vamos construir um governo ainda melhor\u201d, declarou.<\/p>\n<p>Luciana Santos disse em seu discurso que \u201ca parceria entre Eduardo Campos e o presidente Lula foi o tempo em que Pernambuco mudou a sua matriz econ\u00f4mica, e trouxe a Refinaria Abreu e Lima, a Hemobras e muitas outras obras importantes para o Estado\u201d. \u201cApesar da persegui\u00e7\u00e3o de que voc\u00ea, Paulo, foi v\u00edtima, voc\u00ea est\u00e1 aqui governador, lutando por Pernambuco. Queriam tirar a refinaria, a Hemobras e privatizar a Chesf. Mas voc\u00ea lutou\u201d, destacou ela.<\/p>\n<p><\/div>\n","protected":false},"excerpt":{"rendered":"<p>Foto: M\u00e1rio Fl\u00e1vio A chapa da Frente Popular foi homologada em conven\u00e7\u00e3o no Recife, neste domingo (05). Paulo C\u00e2mara (PSB)&hellip;<\/p>\n","protected":false},"author":1,"featured_media":0,"comment_status":"open","ping_status":"open","sticky":false,"template":"","format":"standard","meta":{"footnotes":""},"categories":[1],"tags":[2,1632,1633,1634,20],"class_list":["post-1620","post","type-post","status-publish","format-standard","hentry","category-sem-categoria","tag-blog-do-edvaldo-magalhaes","tag-chapa-da-frente-popular-paulo","tag-jarbas-e-humberto-como-o-blog-havia-antecipado-no-inicio-de-julho","tag-luciana","tag-politica"],"_links":{"self":[{"href":"https:\/\/blogdoedvaldomagalhaes.com.br\/index.php\/wp-json\/wp\/v2\/posts\/1620","targetHints":{"allow":["GET"]}}],"collection":[{"href":"https:\/\/blogdoedvaldomagalhaes.com.br\/index.php\/wp-json\/wp\/v2\/posts"}],"about":[{"href":"https:\/\/blogdoedvaldomagalhaes.com.br\/index.php\/wp-json\/wp\/v2\/types\/post"}],"author":[{"embeddable":true,"href":"https:\/\/blogdoedvaldomagalhaes.com.br\/index.php\/wp-json\/wp\/v2\/users\/1"}],"replies":[{"embeddable":true,"href":"https:\/\/blogdoedvaldomagalhaes.com.br\/index.php\/wp-json\/wp\/v2\/comments?post=1620"}],"version-history":[{"count":1,"href":"https:\/\/blogdoedvaldomagalhaes.com.br\/index.php\/wp-json\/wp\/v2\/posts\/1620\/revisions"}],"predecessor-version":[{"id":33225,"href":"https:\/\/blogdoedvaldomagalhaes.com.br\/index.php\/wp-json\/wp\/v2\/posts\/1620\/revisions\/33225"}],"wp:attachment":[{"href":"https:\/\/blogdoedvaldomagalhaes.com.br\/index.php\/wp-json\/wp\/v2\/media?parent=1620"}],"wp:term":[{"taxonomy":"category","embeddable":true,"href":"https:\/\/blogdoedvaldomagalhaes.com.br\/index.php\/wp-json\/wp\/v2\/categories?post=1620"},{"taxonomy":"post_tag","embeddable":true,"href":"https:\/\/blogdoedvaldomagalhaes.com.br\/index.php\/wp-json\/wp\/v2\/tags?post=1620"}],"curies":[{"name":"wp","href":"https:\/\/api.w.org\/{rel}","templated":true}]}}