{"id":1619,"date":"2018-08-05T20:57:00","date_gmt":"2018-08-05T23:57:00","guid":{"rendered":"http:\/\/blogdoedvaldomagalhaes.com.br\/index.php\/2018\/08\/05\/acusado-de-tentar-roubar-moto-e-baleado\/"},"modified":"2019-02-09T02:26:54","modified_gmt":"2019-02-09T04:26:54","slug":"acusado-de-tentar-roubar-moto-e-baleado","status":"publish","type":"post","link":"https:\/\/blogdoedvaldomagalhaes.com.br\/index.php\/2018\/08\/05\/acusado-de-tentar-roubar-moto-e-baleado\/","title":{"rendered":"Acusado de tentar roubar moto \u00e9 baleado em Caruaru"},"content":{"rendered":"<div class=\"separator\" style=\"clear: both; text-align: center;\">\n<a href=\"https:\/\/3.bp.blogspot.com\/-3ZIUSLQ73VE\/W2djes_SW3I\/AAAAAAAA3tc\/8HA-IJLgnWgEtjO3jjEiRAu6dv7-LBzogCLcBGAs\/s1600\/foto.jpg\" imageanchor=\"1\" style=\"margin-left: 1em; margin-right: 1em;\"><img loading=\"lazy\" decoding=\"async\" border=\"0\" data-original-height=\"350\" data-original-width=\"603\" height=\"370\" src=\"http:\/\/blogdoedvaldomagalhaes.com.br\/wp-content\/uploads\/2018\/08\/foto-2.jpg\" width=\"640\" \/><\/a><\/div>\n<div class=\"separator\" style=\"clear: both; text-align: center;\">\nFoto: Dayvson Robert<\/div>\n<div style=\"text-align: justify;\">\n<\/div>\n<div style=\"text-align: justify;\">\nJeyvison Soares Pereira, de 20 anos, residente em S\u00e3o Caitano, foi baleado ap\u00f3s uma tentativa de assalto, que aconteceu na manh\u00e3 deste domingo (05), na rua do Vassoural, no bairro do mesmo nome em Caruaru.&nbsp;<\/p>\n<\/div>\n<div style=\"text-align: justify;\">\n<div class=\"separator\" style=\"clear: both; text-align: center;\">\n<a href=\"https:\/\/4.bp.blogspot.com\/-CUvM6-zvM0g\/W2d-XmSKjvI\/AAAAAAAA3uI\/XJrTSoWyCCsgBk-iIoFik7f2iFnUzaeTQCLcBGAs\/s1600\/ele.jpg\" imageanchor=\"1\" style=\"margin-left: 1em; margin-right: 1em;\"><img loading=\"lazy\" decoding=\"async\" border=\"0\" data-original-height=\"222\" data-original-width=\"300\" height=\"473\" src=\"http:\/\/blogdoedvaldomagalhaes.com.br\/wp-content\/uploads\/2018\/08\/ele-2.jpg\" width=\"640\" \/><\/a><\/div>\n<div style=\"text-align: center;\">\nFoto: Reprodu\u00e7\u00e3o\/WhatsApp<\/div>\n<div style=\"text-align: center;\">\n<\/div>\n<\/div>\n<div style=\"text-align: justify;\">\nO acusado disse aos policiais que iria levar a moto para a cidade de S\u00e3o Caitano, tamb\u00e9m no Agreste do estado. Ainda segundo informa\u00e7\u00f5es da pol\u00edcia, o acusado estava com uma arma de fogo e anunciou um assalto, tomando da v\u00edtima o celular e a chave de uma motocicleta, em seguida efetuou dois disparos contra a v\u00edtima, que saiu correndo e n\u00e3o foi atingida, o acusado tentou ligar a moto, mas a chave n\u00e3o era&nbsp; da motocicleta que estava estacionada, e sim de um policial militar, que abordou o acusado pedindo para ele se render. O acusado sacou a arma e efetuou disparos contra o policial, que revidou a injusta agress\u00e3o. O acusado saiu correndo, e a cerca de 500 metros caiu. O policial deu voz de pris\u00e3o e apreendeu o rev\u00f3lver calibre 38 com tr\u00eas muni\u00e7\u00f5es deflagradas, tr\u00eas pinadas e quatro muni\u00e7\u00f5es no bolso do acusado. O Samu socorreu o acusado para o Hospital Regional do Agreste (HRA). O policial se apresentou na Delegacia de Homic\u00eddios para serem realizados todos os procedimentos.&nbsp;&nbsp;<\/p>\n<\/div>\n","protected":false},"excerpt":{"rendered":"<p>Foto: Dayvson Robert Jeyvison Soares Pereira, de 20 anos, residente em S\u00e3o Caitano, foi baleado ap\u00f3s uma tentativa de assalto,&hellip;<\/p>\n","protected":false},"author":1,"featured_media":0,"comment_status":"open","ping_status":"open","sticky":false,"template":"","format":"standard","meta":{"footnotes":""},"categories":[1],"tags":[1631,2,13],"class_list":["post-1619","post","type-post","status-publish","format-standard","hentry","category-sem-categoria","tag-acusado-de-tentar-roubar-moto-e-baleado-em-caruaru","tag-blog-do-edvaldo-magalhaes","tag-policial"],"_links":{"self":[{"href":"https:\/\/blogdoedvaldomagalhaes.com.br\/index.php\/wp-json\/wp\/v2\/posts\/1619","targetHints":{"allow":["GET"]}}],"collection":[{"href":"https:\/\/blogdoedvaldomagalhaes.com.br\/index.php\/wp-json\/wp\/v2\/posts"}],"about":[{"href":"https:\/\/blogdoedvaldomagalhaes.com.br\/index.php\/wp-json\/wp\/v2\/types\/post"}],"author":[{"embeddable":true,"href":"https:\/\/blogdoedvaldomagalhaes.com.br\/index.php\/wp-json\/wp\/v2\/users\/1"}],"replies":[{"embeddable":true,"href":"https:\/\/blogdoedvaldomagalhaes.com.br\/index.php\/wp-json\/wp\/v2\/comments?post=1619"}],"version-history":[{"count":1,"href":"https:\/\/blogdoedvaldomagalhaes.com.br\/index.php\/wp-json\/wp\/v2\/posts\/1619\/revisions"}],"predecessor-version":[{"id":33228,"href":"https:\/\/blogdoedvaldomagalhaes.com.br\/index.php\/wp-json\/wp\/v2\/posts\/1619\/revisions\/33228"}],"wp:attachment":[{"href":"https:\/\/blogdoedvaldomagalhaes.com.br\/index.php\/wp-json\/wp\/v2\/media?parent=1619"}],"wp:term":[{"taxonomy":"category","embeddable":true,"href":"https:\/\/blogdoedvaldomagalhaes.com.br\/index.php\/wp-json\/wp\/v2\/categories?post=1619"},{"taxonomy":"post_tag","embeddable":true,"href":"https:\/\/blogdoedvaldomagalhaes.com.br\/index.php\/wp-json\/wp\/v2\/tags?post=1619"}],"curies":[{"name":"wp","href":"https:\/\/api.w.org\/{rel}","templated":true}]}}