{"id":1618,"date":"2018-08-05T21:29:00","date_gmt":"2018-08-06T00:29:00","guid":{"rendered":"http:\/\/blogdoedvaldomagalhaes.com.br\/index.php\/2018\/08\/05\/lula-torres-registra-candidatura\/"},"modified":"2019-02-09T02:26:54","modified_gmt":"2019-02-09T04:26:54","slug":"lula-torres-registra-candidatura","status":"publish","type":"post","link":"https:\/\/blogdoedvaldomagalhaes.com.br\/index.php\/2018\/08\/05\/lula-torres-registra-candidatura\/","title":{"rendered":"Lula T\u00f4rres registra candidatura a deputado estadual ao lado de Raquel Lyra"},"content":{"rendered":"<div class=\"separator\" style=\"clear: both; text-align: center;\">\n<a href=\"https:\/\/1.bp.blogspot.com\/-lcdr4k_zPFg\/W2drVsqU6SI\/AAAAAAAA3to\/ezevWLCrzF8dj2SWx1Vr3qwlCZtyfJSMACLcBGAs\/s1600\/lula.jpg\" imageanchor=\"1\" style=\"margin-left: 1em; margin-right: 1em;\"><img loading=\"lazy\" decoding=\"async\" border=\"0\" data-original-height=\"364\" data-original-width=\"660\" height=\"350\" src=\"http:\/\/blogdoedvaldomagalhaes.com.br\/wp-content\/uploads\/2018\/08\/lula.jpg\" width=\"640\" \/><\/a><\/div>\n<div style=\"text-align: justify;\">\n<\/div>\n<div style=\"text-align: justify;\">\nO vereador e presidente da C\u00e2mara de Caruaru, Lula T\u00f4rres (PSDB), registrou a sua candidatura a Deputado Estadual, durante a conven\u00e7\u00e3o da frente &#8220;Pernambuco Vai Mudar&#8221; no Classic Hall, no Recife, nesse s\u00e1bado (04). O evento tamb\u00e9m homologou as candidaturas de Armando Monteiro (PTB) ao Governo do Estado, e dos ex-ministros Bruno Ara\u00fajo (PSDB) e Mendon\u00e7a Filho (DEM) ao Senado. Outras lideran\u00e7as pol\u00edticas e pr\u00e9-candidatos tamb\u00e9m compareceram a conven\u00e7\u00e3o.<\/div>\n<div style=\"text-align: justify;\">\n<\/div>\n<div style=\"text-align: justify;\">\nAo lado da Prefeita Raquel Lyra (PSDB) e do ex-governador Jo\u00e3o Lyra Neto, Lula T\u00f4rres defendeu o di\u00e1logo durante a conven\u00e7\u00e3o. &#8220;O nosso Estado precisa ser governado por pessoas de compromisso com a popula\u00e7\u00e3o. Pernambuco precisa mudar com lideran\u00e7as que se preocupem com os cidad\u00e3os, e \u00e9 atrav\u00e9s do di\u00e1logo que poderemos construir pol\u00edticas p\u00fablicas importantes para a sociedade&#8221;.<\/div>\n<div style=\"text-align: justify;\">\n<\/div>\n<div style=\"text-align: justify;\">\nLula T\u00f4rres tamb\u00e9m aproveitou o momento para destacar o compromisso de Raquel e Jo\u00e3o, durante a sua postula\u00e7\u00e3o a Deputado Estadual. &#8220;Como vereador de sete mandatos, sempre mostrei trabalho. E quando chegarmos na Assembleia Legislativa de Pernambuco, quero continuar sendo a voz que o nosso Estado precisa. E n\u00e3o tenho d\u00favidas que ao lado da Prefeita Raquel Lyra faremos um belo trabalho&#8221;.<\/div>\n<div style=\"text-align: justify;\">\n<\/div>\n","protected":false},"excerpt":{"rendered":"<p>O vereador e presidente da C\u00e2mara de Caruaru, Lula T\u00f4rres (PSDB), registrou a sua candidatura a Deputado Estadual, durante a&hellip;<\/p>\n","protected":false},"author":1,"featured_media":0,"comment_status":"open","ping_status":"open","sticky":false,"template":"","format":"standard","meta":{"footnotes":""},"categories":[1],"tags":[2,1630,20],"class_list":["post-1618","post","type-post","status-publish","format-standard","hentry","category-sem-categoria","tag-blog-do-edvaldo-magalhaes","tag-lula-torres-registra-candidatura-a-deputado-estadual-ao-lado-de-raquel-lyra","tag-politica"],"_links":{"self":[{"href":"https:\/\/blogdoedvaldomagalhaes.com.br\/index.php\/wp-json\/wp\/v2\/posts\/1618","targetHints":{"allow":["GET"]}}],"collection":[{"href":"https:\/\/blogdoedvaldomagalhaes.com.br\/index.php\/wp-json\/wp\/v2\/posts"}],"about":[{"href":"https:\/\/blogdoedvaldomagalhaes.com.br\/index.php\/wp-json\/wp\/v2\/types\/post"}],"author":[{"embeddable":true,"href":"https:\/\/blogdoedvaldomagalhaes.com.br\/index.php\/wp-json\/wp\/v2\/users\/1"}],"replies":[{"embeddable":true,"href":"https:\/\/blogdoedvaldomagalhaes.com.br\/index.php\/wp-json\/wp\/v2\/comments?post=1618"}],"version-history":[{"count":1,"href":"https:\/\/blogdoedvaldomagalhaes.com.br\/index.php\/wp-json\/wp\/v2\/posts\/1618\/revisions"}],"predecessor-version":[{"id":33230,"href":"https:\/\/blogdoedvaldomagalhaes.com.br\/index.php\/wp-json\/wp\/v2\/posts\/1618\/revisions\/33230"}],"wp:attachment":[{"href":"https:\/\/blogdoedvaldomagalhaes.com.br\/index.php\/wp-json\/wp\/v2\/media?parent=1618"}],"wp:term":[{"taxonomy":"category","embeddable":true,"href":"https:\/\/blogdoedvaldomagalhaes.com.br\/index.php\/wp-json\/wp\/v2\/categories?post=1618"},{"taxonomy":"post_tag","embeddable":true,"href":"https:\/\/blogdoedvaldomagalhaes.com.br\/index.php\/wp-json\/wp\/v2\/tags?post=1618"}],"curies":[{"name":"wp","href":"https:\/\/api.w.org\/{rel}","templated":true}]}}