{"id":1617,"date":"2018-08-05T22:16:00","date_gmt":"2018-08-06T01:16:00","guid":{"rendered":"http:\/\/blogdoedvaldomagalhaes.com.br\/index.php\/2018\/08\/05\/mauricio-rands-disputa-governo-de\/"},"modified":"2019-02-09T02:26:55","modified_gmt":"2019-02-09T04:26:55","slug":"mauricio-rands-disputa-governo-de","status":"publish","type":"post","link":"https:\/\/blogdoedvaldomagalhaes.com.br\/index.php\/2018\/08\/05\/mauricio-rands-disputa-governo-de\/","title":{"rendered":"Maur\u00edcio Rands disputa Governo de Pernambuco com Isabella de Rold\u00e3o como vice"},"content":{"rendered":"<div class=\"separator\" style=\"clear: both; text-align: center;\">\n<a href=\"https:\/\/4.bp.blogspot.com\/-I2yjhR3Ag6o\/W2d3KSyY51I\/AAAAAAAA3t0\/eIufWtoJ14UNM8266E0EUGQI7LDPA7jFwCLcBGAs\/s1600\/rands.jpg\" imageanchor=\"1\" style=\"margin-left: 1em; margin-right: 1em;\"><img loading=\"lazy\" decoding=\"async\" border=\"0\" data-original-height=\"522\" data-original-width=\"930\" height=\"354\" src=\"http:\/\/blogdoedvaldomagalhaes.com.br\/wp-content\/uploads\/2018\/08\/rands.jpg\" width=\"640\" \/><\/a><\/div>\n<div style=\"text-align: center;\">\nFoto: Divulga\u00e7\u00e3o<\/div>\n<div style=\"text-align: center;\">\n<\/div>\n<div style=\"text-align: justify;\">\nVai ser anunciada neste domingo (5) mais uma chapa pernambucana para as elei\u00e7\u00f5es 2018. O an\u00fancio ser\u00e1 feito no audit\u00f3rio do empresarial RioMar, no Pina, Zona Sul do Recife. Para a vaga do governo, o nome \u00e9 o do ex-deputado Maur\u00edcio Rands (Pros) e como vice, concorre a ex-vereadora Isabella de Rold\u00e3o (PDT). As duas vagas do senado v\u00e3o ser disputadas pelo deputado federal Silvio Costa (Avante) e pelo vereador Jayme Asfora (Pros). A Rede tamb\u00e9m faz parte do bloco.<\/div>\n<div style=\"text-align: justify;\">\n<\/div>\n<div style=\"text-align: justify;\">\nA postula\u00e7\u00e3o \u00e9 uma alternativa \u00e0 candidatura da vereadora Mar\u00edlia Arraes (PT), que foi retirada pelo PT em prol de uma alian\u00e7a com o PSB no estadual e a neutralidade na disputa presidencial. Nos bastidores, comenta-se que ela estaria acompanhando a articula\u00e7\u00e3o do bloco.<\/div>\n<div style=\"text-align: justify;\">\n<\/div>\n<div style=\"text-align: justify;\">\nFonte: Blog da Folha<\/div>\n<div style=\"text-align: justify;\">\n<\/div>\n","protected":false},"excerpt":{"rendered":"<p>Foto: Divulga\u00e7\u00e3o Vai ser anunciada neste domingo (5) mais uma chapa pernambucana para as elei\u00e7\u00f5es 2018. O an\u00fancio ser\u00e1 feito&hellip;<\/p>\n","protected":false},"author":1,"featured_media":0,"comment_status":"open","ping_status":"open","sticky":false,"template":"","format":"standard","meta":{"footnotes":""},"categories":[1],"tags":[2,1629,20],"class_list":["post-1617","post","type-post","status-publish","format-standard","hentry","category-sem-categoria","tag-blog-do-edvaldo-magalhaes","tag-mauricio-rands-disputa-governo-de-pernambuco-com-isabella-de-roldao-como-vice","tag-politica"],"_links":{"self":[{"href":"https:\/\/blogdoedvaldomagalhaes.com.br\/index.php\/wp-json\/wp\/v2\/posts\/1617","targetHints":{"allow":["GET"]}}],"collection":[{"href":"https:\/\/blogdoedvaldomagalhaes.com.br\/index.php\/wp-json\/wp\/v2\/posts"}],"about":[{"href":"https:\/\/blogdoedvaldomagalhaes.com.br\/index.php\/wp-json\/wp\/v2\/types\/post"}],"author":[{"embeddable":true,"href":"https:\/\/blogdoedvaldomagalhaes.com.br\/index.php\/wp-json\/wp\/v2\/users\/1"}],"replies":[{"embeddable":true,"href":"https:\/\/blogdoedvaldomagalhaes.com.br\/index.php\/wp-json\/wp\/v2\/comments?post=1617"}],"version-history":[{"count":1,"href":"https:\/\/blogdoedvaldomagalhaes.com.br\/index.php\/wp-json\/wp\/v2\/posts\/1617\/revisions"}],"predecessor-version":[{"id":33232,"href":"https:\/\/blogdoedvaldomagalhaes.com.br\/index.php\/wp-json\/wp\/v2\/posts\/1617\/revisions\/33232"}],"wp:attachment":[{"href":"https:\/\/blogdoedvaldomagalhaes.com.br\/index.php\/wp-json\/wp\/v2\/media?parent=1617"}],"wp:term":[{"taxonomy":"category","embeddable":true,"href":"https:\/\/blogdoedvaldomagalhaes.com.br\/index.php\/wp-json\/wp\/v2\/categories?post=1617"},{"taxonomy":"post_tag","embeddable":true,"href":"https:\/\/blogdoedvaldomagalhaes.com.br\/index.php\/wp-json\/wp\/v2\/tags?post=1617"}],"curies":[{"name":"wp","href":"https:\/\/api.w.org\/{rel}","templated":true}]}}