{"id":1616,"date":"2018-08-06T01:59:00","date_gmt":"2018-08-06T04:59:00","guid":{"rendered":"http:\/\/blogdoedvaldomagalhaes.com.br\/index.php\/2018\/08\/06\/delegado-lessa-confirma-candidatura\/"},"modified":"2019-02-09T02:26:56","modified_gmt":"2019-02-09T04:26:56","slug":"delegado-lessa-confirma-candidatura","status":"publish","type":"post","link":"https:\/\/blogdoedvaldomagalhaes.com.br\/index.php\/2018\/08\/06\/delegado-lessa-confirma-candidatura\/","title":{"rendered":"Delegado Lessa confirma candidatura a deputado estadual"},"content":{"rendered":"<div class=\"separator\" style=\"clear: both; text-align: center;\">\n<a href=\"https:\/\/4.bp.blogspot.com\/-Vax_sW_rr70\/W2erS8k4wYI\/AAAAAAAA3ug\/GHBMYh7Ofncv38XYY3UXtYYTKjgoPNpIACLcBGAs\/s1600\/ledssa.jpg\" imageanchor=\"1\" style=\"margin-left: 1em; margin-right: 1em;\"><img loading=\"lazy\" decoding=\"async\" border=\"0\" data-original-height=\"960\" data-original-width=\"508\" height=\"640\" src=\"http:\/\/blogdoedvaldomagalhaes.com.br\/wp-content\/uploads\/2018\/08\/ledssa.jpg\" width=\"334\" \/><\/a><\/div>\n<div style=\"text-align: justify;\">\n<\/div>\n<div style=\"text-align: justify;\">\nDurante a conven\u00e7\u00e3o partid\u00e1ria do Progressistas, ocorrida em Recife na tarde deste domingo (05), o Delegado Lessa assinou a ata que confirma sua candidatura a deputado estadual. Em 2016, Lessa estreou na pol\u00edtica, disputando para o cargo de prefeito de Caruaru, e obteve 41.102 votos.<\/div>\n<div style=\"text-align: justify;\">\n<\/div>\n<div style=\"text-align: justify;\">\nA partir de agora, o Delegado Lessa, oficialmente, come\u00e7ar\u00e1 sua corrida rumo a uma vaga na Assembleia Legislativa de Pernambuco (Alepe). \u201cEste domingo marca o in\u00edcio de uma nova etapa de minha vida, uma etapa na qual caminharei com cada um dos pernambucanos, sempre de cabe\u00e7a erguida, m\u00e3os limpas e sem nunca temer lutar por um novo tempo\u201d, declarou Lessa.<\/div>\n<div style=\"text-align: justify;\">\n<\/div>\n","protected":false},"excerpt":{"rendered":"<p>Durante a conven\u00e7\u00e3o partid\u00e1ria do Progressistas, ocorrida em Recife na tarde deste domingo (05), o Delegado Lessa assinou a ata&hellip;<\/p>\n","protected":false},"author":1,"featured_media":0,"comment_status":"open","ping_status":"open","sticky":false,"template":"","format":"standard","meta":{"footnotes":""},"categories":[1],"tags":[2,1628,20],"class_list":["post-1616","post","type-post","status-publish","format-standard","hentry","category-sem-categoria","tag-blog-do-edvaldo-magalhaes","tag-delegado-lessa-confirma-candidatura-a-deputado-estadual","tag-politica"],"_links":{"self":[{"href":"https:\/\/blogdoedvaldomagalhaes.com.br\/index.php\/wp-json\/wp\/v2\/posts\/1616","targetHints":{"allow":["GET"]}}],"collection":[{"href":"https:\/\/blogdoedvaldomagalhaes.com.br\/index.php\/wp-json\/wp\/v2\/posts"}],"about":[{"href":"https:\/\/blogdoedvaldomagalhaes.com.br\/index.php\/wp-json\/wp\/v2\/types\/post"}],"author":[{"embeddable":true,"href":"https:\/\/blogdoedvaldomagalhaes.com.br\/index.php\/wp-json\/wp\/v2\/users\/1"}],"replies":[{"embeddable":true,"href":"https:\/\/blogdoedvaldomagalhaes.com.br\/index.php\/wp-json\/wp\/v2\/comments?post=1616"}],"version-history":[{"count":1,"href":"https:\/\/blogdoedvaldomagalhaes.com.br\/index.php\/wp-json\/wp\/v2\/posts\/1616\/revisions"}],"predecessor-version":[{"id":33234,"href":"https:\/\/blogdoedvaldomagalhaes.com.br\/index.php\/wp-json\/wp\/v2\/posts\/1616\/revisions\/33234"}],"wp:attachment":[{"href":"https:\/\/blogdoedvaldomagalhaes.com.br\/index.php\/wp-json\/wp\/v2\/media?parent=1616"}],"wp:term":[{"taxonomy":"category","embeddable":true,"href":"https:\/\/blogdoedvaldomagalhaes.com.br\/index.php\/wp-json\/wp\/v2\/categories?post=1616"},{"taxonomy":"post_tag","embeddable":true,"href":"https:\/\/blogdoedvaldomagalhaes.com.br\/index.php\/wp-json\/wp\/v2\/tags?post=1616"}],"curies":[{"name":"wp","href":"https:\/\/api.w.org\/{rel}","templated":true}]}}