{"id":1615,"date":"2018-08-06T02:19:00","date_gmt":"2018-08-06T05:19:00","guid":{"rendered":"http:\/\/blogdoedvaldomagalhaes.com.br\/index.php\/2018\/08\/06\/edmilson-do-salgado-e-ailza-trajano\/"},"modified":"2019-02-09T02:26:56","modified_gmt":"2019-02-09T04:26:56","slug":"edmilson-do-salgado-e-ailza-trajano","status":"publish","type":"post","link":"https:\/\/blogdoedvaldomagalhaes.com.br\/index.php\/2018\/08\/06\/edmilson-do-salgado-e-ailza-trajano\/","title":{"rendered":"Edmilson do Salgado e Ailza Trajano registram candidaturas para deputado"},"content":{"rendered":"<div class=\"separator\" style=\"clear: both; text-align: center;\">\n<a href=\"https:\/\/3.bp.blogspot.com\/-Jqxz0qL10AM\/W2evSd-R3dI\/AAAAAAAA3us\/AOL_KyUXR14bgUzDCUGMM-GgTAqNTPe3ACLcBGAs\/s1600\/edmilson.jpg\" imageanchor=\"1\" style=\"margin-left: 1em; margin-right: 1em;\"><img loading=\"lazy\" decoding=\"async\" border=\"0\" data-original-height=\"347\" data-original-width=\"400\" height=\"550\" src=\"http:\/\/blogdoedvaldomagalhaes.com.br\/wp-content\/uploads\/2018\/08\/edmilson.jpg\" width=\"640\" \/><\/a><\/div>\n<div style=\"text-align: justify;\">\n<\/div>\n<div style=\"text-align: justify;\">\nO vereador Edmilson do Salgado e Ailza Trajano registraram suas candidaturas durante a conven\u00e7\u00e3o estadual do PCdoB em Recife, o partido ter\u00e1 73 candidatos a deputado estadual e um candidato a deputado federal (Renildo Calheiros).<\/p>\n<\/div>\n<div style=\"text-align: justify;\">\n<div class=\"separator\" style=\"clear: both; text-align: center;\">\n<a href=\"https:\/\/2.bp.blogspot.com\/-dqV0uxZFlkA\/W2ewgbTiOoI\/AAAAAAAA3vA\/ly4cq5SR-oYMaAqJdwapXGBCSgaxk2F6QCLcBGAs\/s1600\/sim.jpg\" imageanchor=\"1\" style=\"margin-left: 1em; margin-right: 1em;\"><img loading=\"lazy\" decoding=\"async\" border=\"0\" data-original-height=\"720\" data-original-width=\"960\" height=\"480\" src=\"http:\/\/blogdoedvaldomagalhaes.com.br\/wp-content\/uploads\/2018\/08\/sim.jpg\" width=\"640\" \/><\/a><\/div>\n<\/div>\n<div class=\"separator\" style=\"clear: both; text-align: center;\">\n<\/div>\n<div style=\"text-align: justify;\">\n<\/div>\n<div style=\"text-align: justify;\">\nFicou oficializado o apoio ao governador de Pernambuco, Paulo C\u00e2mara (PSB), que \u00e9 candidato \u00e0 reelei\u00e7\u00e3o nas Elei\u00e7\u00f5es 2018. A decis\u00e3o de n\u00e3o ter candidato pr\u00f3prio ao governo estadual foi tomada internamente durante as negocia\u00e7\u00f5es para que o partido fizesse parte da Frente Popular de Pernambuco, liderada pelo PSB.<\/p>\n<\/div>\n<div style=\"text-align: justify;\">\n<div class=\"separator\" style=\"clear: both; text-align: center;\">\n<a href=\"https:\/\/4.bp.blogspot.com\/-IAbYPs70j-E\/W2evV47WOcI\/AAAAAAAA3u4\/mKHrjuycBFQJysyJ7Tf6WGGfRDRgX5vwwCEwYBhgL\/s1600\/ailza.jpg\" imageanchor=\"1\" style=\"margin-left: 1em; margin-right: 1em;\"><img loading=\"lazy\" decoding=\"async\" border=\"0\" data-original-height=\"245\" data-original-width=\"400\" height=\"390\" src=\"http:\/\/blogdoedvaldomagalhaes.com.br\/wp-content\/uploads\/2018\/08\/ailza.jpg\" width=\"640\" \/><\/a><\/div>\n<p><\/div>\n<div style=\"text-align: justify;\">\nAilza Trajano afirmou &#8220;agora \u00e9 oficial, confirmado meu nome para a luta como deputada estadual pelo PCdoB que forma uma chapa \u00fanica de deputados\/as estaduais.&nbsp;Sigo na luta como ativista das causas sociais, dentro dos movimentos que s\u00e3o meus lugares de luta.&nbsp;Gratid\u00e3o a UBM- Uni\u00e3o Brasileira de Mulheres Pernambuco pela coragem de lan\u00e7ar os nomes de 22 mulheres nessa luta, gratid\u00e3o tamb\u00e9m a Unegro- Uni\u00e3o de Negros e Negras pela Igualdade por todo apoio nesse momento para que eu tamb\u00e9m esteja nessa luta dentro da plataforma da Unegro&#8221; concluiu Ailza.<\/div>\n","protected":false},"excerpt":{"rendered":"<p>O vereador Edmilson do Salgado e Ailza Trajano registraram suas candidaturas durante a conven\u00e7\u00e3o estadual do PCdoB em Recife, o&hellip;<\/p>\n","protected":false},"author":1,"featured_media":0,"comment_status":"open","ping_status":"open","sticky":false,"template":"","format":"standard","meta":{"footnotes":""},"categories":[1],"tags":[2,1627,20],"class_list":["post-1615","post","type-post","status-publish","format-standard","hentry","category-sem-categoria","tag-blog-do-edvaldo-magalhaes","tag-edmilson-do-salgado-e-ailza-trajano-registram-candidaturas-para-deputado","tag-politica"],"_links":{"self":[{"href":"https:\/\/blogdoedvaldomagalhaes.com.br\/index.php\/wp-json\/wp\/v2\/posts\/1615","targetHints":{"allow":["GET"]}}],"collection":[{"href":"https:\/\/blogdoedvaldomagalhaes.com.br\/index.php\/wp-json\/wp\/v2\/posts"}],"about":[{"href":"https:\/\/blogdoedvaldomagalhaes.com.br\/index.php\/wp-json\/wp\/v2\/types\/post"}],"author":[{"embeddable":true,"href":"https:\/\/blogdoedvaldomagalhaes.com.br\/index.php\/wp-json\/wp\/v2\/users\/1"}],"replies":[{"embeddable":true,"href":"https:\/\/blogdoedvaldomagalhaes.com.br\/index.php\/wp-json\/wp\/v2\/comments?post=1615"}],"version-history":[{"count":1,"href":"https:\/\/blogdoedvaldomagalhaes.com.br\/index.php\/wp-json\/wp\/v2\/posts\/1615\/revisions"}],"predecessor-version":[{"id":33238,"href":"https:\/\/blogdoedvaldomagalhaes.com.br\/index.php\/wp-json\/wp\/v2\/posts\/1615\/revisions\/33238"}],"wp:attachment":[{"href":"https:\/\/blogdoedvaldomagalhaes.com.br\/index.php\/wp-json\/wp\/v2\/media?parent=1615"}],"wp:term":[{"taxonomy":"category","embeddable":true,"href":"https:\/\/blogdoedvaldomagalhaes.com.br\/index.php\/wp-json\/wp\/v2\/categories?post=1615"},{"taxonomy":"post_tag","embeddable":true,"href":"https:\/\/blogdoedvaldomagalhaes.com.br\/index.php\/wp-json\/wp\/v2\/tags?post=1615"}],"curies":[{"name":"wp","href":"https:\/\/api.w.org\/{rel}","templated":true}]}}