{"id":1608,"date":"2018-08-07T10:11:00","date_gmt":"2018-08-07T13:11:00","guid":{"rendered":"http:\/\/blogdoedvaldomagalhaes.com.br\/index.php\/2018\/08\/07\/ex-comandante-do-4-bpm-sera-o-novo\/"},"modified":"2019-02-09T02:26:59","modified_gmt":"2019-02-09T04:26:59","slug":"ex-comandante-do-4-bpm-sera-o-novo","status":"publish","type":"post","link":"https:\/\/blogdoedvaldomagalhaes.com.br\/index.php\/2018\/08\/07\/ex-comandante-do-4-bpm-sera-o-novo\/","title":{"rendered":"Ex-comandante do 4\u00ba BPM ser\u00e1 o novo Secret\u00e1rio de Ordem P\u00fablica de Caruaru"},"content":{"rendered":"<div class=\"separator\" style=\"clear: both; text-align: center;\">\n<a href=\"https:\/\/4.bp.blogspot.com\/-riR99zei-RI\/W2lv3j54-vI\/AAAAAAAA3yM\/v2HKiJ4_QNIJejug3EO3t8PH5VSZxG-mwCLcBGAs\/s1600\/tentente.jpg\" imageanchor=\"1\" style=\"margin-left: 1em; margin-right: 1em;\"><img loading=\"lazy\" decoding=\"async\" border=\"0\" data-original-height=\"225\" data-original-width=\"300\" height=\"480\" src=\"http:\/\/blogdoedvaldomagalhaes.com.br\/wp-content\/uploads\/2018\/08\/tentente.jpg\" width=\"640\" \/><\/a><\/div>\n<p><\/p>\n<div style=\"background-color: white; box-sizing: border-box; line-height: 24px; margin-bottom: 10px; text-align: justify;\">\nO tenente-coronel Gilmar de Ara\u00fajo Oliveira ser\u00e1 o novo secret\u00e1rio de Ordem P\u00fablica de Caruaru. Ele j\u00e1 comandou o 4\u00ba BPM e foi um dos respons\u00e1veis pela pacifica\u00e7\u00e3o do Monte Bom Jesus. Gilmar assumir\u00e1 o cargo em breve.<\/div>\n<div style=\"background-color: white; box-sizing: border-box; font-family: Lato, sans-serif; font-size: 13px; line-height: 24px; margin-bottom: 10px; text-align: justify;\">\n<\/div>\n","protected":false},"excerpt":{"rendered":"<p>O tenente-coronel Gilmar de Ara\u00fajo Oliveira ser\u00e1 o novo secret\u00e1rio de Ordem P\u00fablica de Caruaru. Ele j\u00e1 comandou o 4\u00ba&hellip;<\/p>\n","protected":false},"author":1,"featured_media":0,"comment_status":"open","ping_status":"open","sticky":false,"template":"","format":"standard","meta":{"footnotes":""},"categories":[1],"tags":[2,1619,13],"class_list":["post-1608","post","type-post","status-publish","format-standard","hentry","category-sem-categoria","tag-blog-do-edvaldo-magalhaes","tag-ex-comandante-do-4o-bpm-sera-o-novo-secretario-de-ordem-publica-de-caruaru","tag-policial"],"_links":{"self":[{"href":"https:\/\/blogdoedvaldomagalhaes.com.br\/index.php\/wp-json\/wp\/v2\/posts\/1608","targetHints":{"allow":["GET"]}}],"collection":[{"href":"https:\/\/blogdoedvaldomagalhaes.com.br\/index.php\/wp-json\/wp\/v2\/posts"}],"about":[{"href":"https:\/\/blogdoedvaldomagalhaes.com.br\/index.php\/wp-json\/wp\/v2\/types\/post"}],"author":[{"embeddable":true,"href":"https:\/\/blogdoedvaldomagalhaes.com.br\/index.php\/wp-json\/wp\/v2\/users\/1"}],"replies":[{"embeddable":true,"href":"https:\/\/blogdoedvaldomagalhaes.com.br\/index.php\/wp-json\/wp\/v2\/comments?post=1608"}],"version-history":[{"count":1,"href":"https:\/\/blogdoedvaldomagalhaes.com.br\/index.php\/wp-json\/wp\/v2\/posts\/1608\/revisions"}],"predecessor-version":[{"id":33257,"href":"https:\/\/blogdoedvaldomagalhaes.com.br\/index.php\/wp-json\/wp\/v2\/posts\/1608\/revisions\/33257"}],"wp:attachment":[{"href":"https:\/\/blogdoedvaldomagalhaes.com.br\/index.php\/wp-json\/wp\/v2\/media?parent=1608"}],"wp:term":[{"taxonomy":"category","embeddable":true,"href":"https:\/\/blogdoedvaldomagalhaes.com.br\/index.php\/wp-json\/wp\/v2\/categories?post=1608"},{"taxonomy":"post_tag","embeddable":true,"href":"https:\/\/blogdoedvaldomagalhaes.com.br\/index.php\/wp-json\/wp\/v2\/tags?post=1608"}],"curies":[{"name":"wp","href":"https:\/\/api.w.org\/{rel}","templated":true}]}}