{"id":1607,"date":"2018-08-07T13:04:00","date_gmt":"2018-08-07T16:04:00","guid":{"rendered":"http:\/\/blogdoedvaldomagalhaes.com.br\/index.php\/2018\/08\/07\/homem-sofre-tentativa-de-homicidio-e-3\/"},"modified":"2019-02-09T02:27:02","modified_gmt":"2019-02-09T04:27:02","slug":"homem-sofre-tentativa-de-homicidio-e-3","status":"publish","type":"post","link":"https:\/\/blogdoedvaldomagalhaes.com.br\/index.php\/2018\/08\/07\/homem-sofre-tentativa-de-homicidio-e-3\/","title":{"rendered":"Homem sofre tentativa de homic\u00eddio em Caruaru"},"content":{"rendered":"<div class=\"separator\" style=\"clear: both; text-align: center;\">\n<a href=\"https:\/\/4.bp.blogspot.com\/-V0r__6jFaf4\/W2mXLkSfKBI\/AAAAAAAA3yc\/n-ni0O6OnFQzCdreBvHK6wTY4lTvSqPtQCLcBGAs\/s1600\/20180807_094320.jpg\" imageanchor=\"1\" style=\"margin-left: 1em; margin-right: 1em;\"><img loading=\"lazy\" decoding=\"async\" border=\"0\" data-original-height=\"900\" data-original-width=\"1600\" height=\"360\" src=\"http:\/\/blogdoedvaldomagalhaes.com.br\/wp-content\/uploads\/2018\/08\/20180807_094320.jpg\" width=\"640\" \/><\/a><\/div>\n<p><\/p>\n<div class=\"separator\" style=\"clear: both; text-align: center;\">\n<a href=\"https:\/\/4.bp.blogspot.com\/-ArBY5z28JPY\/W2m6KFmsQEI\/AAAAAAAA3y8\/MV-aR2RJJBMl6x40s50NgaV7YCoFGns5gCLcBGAs\/s1600\/2.jpg\" imageanchor=\"1\" style=\"margin-left: 1em; margin-right: 1em;\"><img loading=\"lazy\" decoding=\"async\" border=\"0\" data-original-height=\"510\" data-original-width=\"960\" height=\"340\" src=\"http:\/\/blogdoedvaldomagalhaes.com.br\/wp-content\/uploads\/2018\/08\/2-4.jpg\" width=\"640\" \/><\/a><\/div>\n<p><\/p>\n<div style=\"text-align: justify;\">\nO fato ocorreu na manh\u00e3 desta ter\u00e7a-feira (07), no bairro Jos\u00e9 Carlos de Oliveira, em Caruaru. &nbsp;A v\u00edtima foi Josias Flor\u00eancio de Ara\u00fajo, de 50 anos, que foi atingida por disparos de arma de fogo, sendo socorrido para o Hospital Regional do Agreste e ser\u00e1 transferida para o &nbsp;Hospital da Restaura\u00e7\u00e3o, em Recife. Segundo informa\u00e7\u00f5es da pol\u00edcia, essa foi a terceira tentativa de homic\u00eddio que a v\u00edtima sofreu. A autoria ainda \u00e9 desconhecida.&nbsp;<\/p>\n<div class=\"separator\" style=\"clear: both; text-align: center;\">\n<a href=\"https:\/\/2.bp.blogspot.com\/-ZVgLPVmMiTU\/W2m5dEX635I\/AAAAAAAA3y0\/CUnJWgIh5KA_ckKWVG1C3xEgg6MeldFiACLcBGAs\/s1600\/vitima.jpg\" imageanchor=\"1\" style=\"margin-left: 1em; margin-right: 1em;\"><img loading=\"lazy\" decoding=\"async\" border=\"0\" data-original-height=\"717\" data-original-width=\"712\" height=\"640\" src=\"http:\/\/blogdoedvaldomagalhaes.com.br\/wp-content\/uploads\/2018\/08\/vitima.jpg\" width=\"634\" \/><\/a><\/div>\n<p><\/div>\n","protected":false},"excerpt":{"rendered":"<p>O fato ocorreu na manh\u00e3 desta ter\u00e7a-feira (07), no bairro Jos\u00e9 Carlos de Oliveira, em Caruaru. &nbsp;A v\u00edtima foi Josias&hellip;<\/p>\n","protected":false},"author":1,"featured_media":0,"comment_status":"open","ping_status":"open","sticky":false,"template":"","format":"standard","meta":{"footnotes":""},"categories":[1],"tags":[1618,2,949,312,13],"class_list":["post-1607","post","type-post","status-publish","format-standard","hentry","category-sem-categoria","tag-bairro-jose-carlos-de-oliveira","tag-blog-do-edvaldo-magalhaes","tag-homem-sofre-tentativa-de-homicidio-em-caruaru","tag-hospital-regional-do-agreste","tag-policial"],"_links":{"self":[{"href":"https:\/\/blogdoedvaldomagalhaes.com.br\/index.php\/wp-json\/wp\/v2\/posts\/1607","targetHints":{"allow":["GET"]}}],"collection":[{"href":"https:\/\/blogdoedvaldomagalhaes.com.br\/index.php\/wp-json\/wp\/v2\/posts"}],"about":[{"href":"https:\/\/blogdoedvaldomagalhaes.com.br\/index.php\/wp-json\/wp\/v2\/types\/post"}],"author":[{"embeddable":true,"href":"https:\/\/blogdoedvaldomagalhaes.com.br\/index.php\/wp-json\/wp\/v2\/users\/1"}],"replies":[{"embeddable":true,"href":"https:\/\/blogdoedvaldomagalhaes.com.br\/index.php\/wp-json\/wp\/v2\/comments?post=1607"}],"version-history":[{"count":1,"href":"https:\/\/blogdoedvaldomagalhaes.com.br\/index.php\/wp-json\/wp\/v2\/posts\/1607\/revisions"}],"predecessor-version":[{"id":33261,"href":"https:\/\/blogdoedvaldomagalhaes.com.br\/index.php\/wp-json\/wp\/v2\/posts\/1607\/revisions\/33261"}],"wp:attachment":[{"href":"https:\/\/blogdoedvaldomagalhaes.com.br\/index.php\/wp-json\/wp\/v2\/media?parent=1607"}],"wp:term":[{"taxonomy":"category","embeddable":true,"href":"https:\/\/blogdoedvaldomagalhaes.com.br\/index.php\/wp-json\/wp\/v2\/categories?post=1607"},{"taxonomy":"post_tag","embeddable":true,"href":"https:\/\/blogdoedvaldomagalhaes.com.br\/index.php\/wp-json\/wp\/v2\/tags?post=1607"}],"curies":[{"name":"wp","href":"https:\/\/api.w.org\/{rel}","templated":true}]}}