{"id":1603,"date":"2018-08-08T12:20:00","date_gmt":"2018-08-08T15:20:00","guid":{"rendered":"http:\/\/blogdoedvaldomagalhaes.com.br\/index.php\/2018\/08\/08\/daniel-finizola-retira-candidatura\/"},"modified":"2019-02-09T02:27:04","modified_gmt":"2019-02-09T04:27:04","slug":"daniel-finizola-retira-candidatura","status":"publish","type":"post","link":"https:\/\/blogdoedvaldomagalhaes.com.br\/index.php\/2018\/08\/08\/daniel-finizola-retira-candidatura\/","title":{"rendered":"Daniel Finizola retira candidatura a deputado"},"content":{"rendered":"<div class=\"separator\" style=\"clear: both; text-align: center;\">\n<a href=\"https:\/\/2.bp.blogspot.com\/-KGGcpnviYHg\/W2rfpzq0P6I\/AAAAAAAA32Y\/vrt0iYnrU9ojsbWW8htPp4nHFMbT6iwhwCLcBGAs\/s1600\/IMG-20180808-WA0019.jpg\" imageanchor=\"1\" style=\"margin-left: 1em; margin-right: 1em;\"><img loading=\"lazy\" decoding=\"async\" border=\"0\" data-original-height=\"640\" data-original-width=\"960\" height=\"426\" src=\"http:\/\/blogdoedvaldomagalhaes.com.br\/wp-content\/uploads\/2018\/08\/IMG-20180808-WA0019.jpg\" width=\"640\" \/><\/a><\/div>\n<div style=\"text-align: justify;\">\n<\/div>\n<div style=\"text-align: justify;\">\nNOTA OFICIAL<\/div>\n<div style=\"text-align: justify;\">\n<\/div>\n<div style=\"text-align: justify;\">\nNa \u00faltima semana, os debates foram intensos sobre o processo de composi\u00e7\u00e3o de chapa para a disputa das pr\u00f3ximas elei\u00e7\u00f5es. Em Pernambuco, a base petista e diversos setores da sociedade demostraram o desejo de ter Mar\u00edlia Arraes como candidata ao Governo de Pernambuco, tendo em vista a necessidade de apresentar um outro projeto pol\u00edtico, social e econ\u00f4mico para o nosso estado. Sobre esse cen\u00e1rio, vamos fazer as seguintes considera\u00e7\u00f5es:<\/div>\n<div style=\"text-align: justify;\">\n<\/div>\n<div style=\"text-align: justify;\">\n1- O nosso partido tem como prioridade a elei\u00e7\u00e3o de Lula, l\u00edder em todas as pesquisas de inten\u00e7\u00e3o de votos. A quebra de valores fundamentais da democracia tem impedido Lula de estar em di\u00e1logo direto com a popula\u00e7\u00e3o, mas a sua ideia de justi\u00e7a social segue viva e, por isso, lan\u00e7amos a chapa: Lula, Haddad e Manuela. &nbsp;<\/div>\n<div style=\"text-align: justify;\">\n<\/div>\n<div style=\"text-align: justify;\">\n2- Em Pernambuco, n\u00e3o h\u00e1 d\u00favidas de que o PSB foi um dos principais partidos a protagonizar o golpe. Politicamente tem tomado posi\u00e7\u00f5es que v\u00e3o de encontro aos anseios da popula\u00e7\u00e3o. Ap\u00f3s esgotar os debates nas inst\u00e2ncias partid\u00e1rias, foi retirada a candidatura de Mar\u00edlia Arraes ao Governo do Estado, tento em vista a constru\u00e7\u00e3o do projeto nacional.<\/div>\n<div style=\"text-align: justify;\">\n<\/div>\n<div style=\"text-align: justify;\">\n<\/div>\n<div style=\"text-align: justify;\">\n3- O PT de Pernambuco respeita a decis\u00e3o da Executiva Nacional e segue com uma chapa exclusiva de candidatos a deputados federais e estaduais, tendo Mar\u00edlia Arraes como candidata a deputada federal. Faz parte do projeto do PT ampliar nossa bancada no Congresso Nacional, para que possamos fazer a disputa de pautas que possam ampliar e garantir mais direitos para todos\/as os\/as brasileiros e brasileiras. &nbsp; <\/div>\n<div style=\"text-align: justify;\">\n<\/div>\n<div style=\"text-align: justify;\">\n4- Importante colocar que a nossa pr\u00e9-candidatura \u00e0 C\u00e2mara Federal sempre foi uma constru\u00e7\u00e3o coletiva e nunca um projeto pessoal. A retirada da candidatura de Mar\u00edlia Arraes ao Governo muda o cen\u00e1rio da disputa pol\u00edtica do estado, mas n\u00e3o muda nossa condi\u00e7\u00e3o de oposi\u00e7\u00e3o ao PSB em Pernambuco. &nbsp; &nbsp; &nbsp;<\/div>\n<div style=\"text-align: justify;\">\n<\/div>\n<div style=\"text-align: justify;\">\n<\/div>\n<div style=\"text-align: justify;\">\n5- Diante do dinamismo pol\u00edtico dos \u00faltimos dias e da nova conjuntura, o nosso coletivo decide pela retirada de nossa candidatura \u00e0 C\u00e2mara Federal para apoiar Mar\u00edlia Arraes na chapa proporcional e tamb\u00e9m reafirmamos o nosso apoio a reelei\u00e7\u00e3o da combativa deputada estadual, Teresa Leit\u00e3o, que tem feito um mandato de oposi\u00e7\u00e3o e de grandes debates de interesses de nosso povo.<\/div>\n<div style=\"text-align: justify;\">\n<\/div>\n<div style=\"text-align: justify;\">\nPor fim, hoje (08), \u00e0s 20h realizaremos uma live no Facebook, atrav\u00e9s do perfil &nbsp;https:\/\/m.facebook.com\/profile.php?id=307845152648660&amp;ref=content_filter, para debatermos mais sobre esta decis\u00e3o e os cen\u00e1rios pol\u00edticos para a elei\u00e7\u00e3o.<\/div>\n<div style=\"text-align: justify;\">\n<\/div>\n<div style=\"text-align: justify;\">\nDaniel Finizola.<\/div>\n","protected":false},"excerpt":{"rendered":"<p>NOTA OFICIAL Na \u00faltima semana, os debates foram intensos sobre o processo de composi\u00e7\u00e3o de chapa para a disputa das&hellip;<\/p>\n","protected":false},"author":1,"featured_media":0,"comment_status":"open","ping_status":"open","sticky":false,"template":"","format":"standard","meta":{"footnotes":""},"categories":[1],"tags":[2,1614,13],"class_list":["post-1603","post","type-post","status-publish","format-standard","hentry","category-sem-categoria","tag-blog-do-edvaldo-magalhaes","tag-daniel-finizola-retira-candidatura-a-deputado","tag-policial"],"_links":{"self":[{"href":"https:\/\/blogdoedvaldomagalhaes.com.br\/index.php\/wp-json\/wp\/v2\/posts\/1603","targetHints":{"allow":["GET"]}}],"collection":[{"href":"https:\/\/blogdoedvaldomagalhaes.com.br\/index.php\/wp-json\/wp\/v2\/posts"}],"about":[{"href":"https:\/\/blogdoedvaldomagalhaes.com.br\/index.php\/wp-json\/wp\/v2\/types\/post"}],"author":[{"embeddable":true,"href":"https:\/\/blogdoedvaldomagalhaes.com.br\/index.php\/wp-json\/wp\/v2\/users\/1"}],"replies":[{"embeddable":true,"href":"https:\/\/blogdoedvaldomagalhaes.com.br\/index.php\/wp-json\/wp\/v2\/comments?post=1603"}],"version-history":[{"count":1,"href":"https:\/\/blogdoedvaldomagalhaes.com.br\/index.php\/wp-json\/wp\/v2\/posts\/1603\/revisions"}],"predecessor-version":[{"id":33271,"href":"https:\/\/blogdoedvaldomagalhaes.com.br\/index.php\/wp-json\/wp\/v2\/posts\/1603\/revisions\/33271"}],"wp:attachment":[{"href":"https:\/\/blogdoedvaldomagalhaes.com.br\/index.php\/wp-json\/wp\/v2\/media?parent=1603"}],"wp:term":[{"taxonomy":"category","embeddable":true,"href":"https:\/\/blogdoedvaldomagalhaes.com.br\/index.php\/wp-json\/wp\/v2\/categories?post=1603"},{"taxonomy":"post_tag","embeddable":true,"href":"https:\/\/blogdoedvaldomagalhaes.com.br\/index.php\/wp-json\/wp\/v2\/tags?post=1603"}],"curies":[{"name":"wp","href":"https:\/\/api.w.org\/{rel}","templated":true}]}}