{"id":1600,"date":"2018-08-08T21:28:00","date_gmt":"2018-08-09T00:28:00","guid":{"rendered":"http:\/\/blogdoedvaldomagalhaes.com.br\/index.php\/2018\/08\/08\/familia-assaltada-quando-retornava-de\/"},"modified":"2019-02-09T02:27:05","modified_gmt":"2019-02-09T04:27:05","slug":"familia-assaltada-quando-retornava-de","status":"publish","type":"post","link":"https:\/\/blogdoedvaldomagalhaes.com.br\/index.php\/2018\/08\/08\/familia-assaltada-quando-retornava-de\/","title":{"rendered":"Fam\u00edlia assaltada quando retornava de igreja em Caruaru e uma pessoa \u00e9 baleada"},"content":{"rendered":"<div class=\"separator\" style=\"clear: both; text-align: center;\">\n<a href=\"https:\/\/4.bp.blogspot.com\/-GiR5VoEez_E\/W2tewCeo4QI\/AAAAAAAA33k\/KB283ybvJVE4zoJtHtL41iutA7oTLXKhACLcBGAs\/s1600\/dsi%2Bvulgsa%25C3%25A7%25C3%25A3o.jpg\" imageanchor=\"1\" style=\"margin-left: 1em; margin-right: 1em;\"><img loading=\"lazy\" decoding=\"async\" border=\"0\" data-original-height=\"372\" data-original-width=\"620\" height=\"384\" src=\"http:\/\/blogdoedvaldomagalhaes.com.br\/wp-content\/uploads\/2018\/08\/dsivulgsaC3A7C3A3o.jpg\" width=\"640\" \/><\/a><\/div>\n<p><\/p>\n<div style=\"text-align: justify;\">\nO fato ocorreu na noite dessa ter\u00e7a-feira (07), quando uma fam\u00edlia voltava da Igreja Assembleia de Deus, no bairro Rendeiras. Segundo informa\u00e7\u00f5es da Pol\u00edcia Militar, o carro foi abordado por dois assaltantes na estrada entre Gon\u00e7alves Ferreira e S\u00e3o Jos\u00e9. Um home de 37 anos que estava no carro foi baleado.<\/div>\n","protected":false},"excerpt":{"rendered":"<p>O fato ocorreu na noite dessa ter\u00e7a-feira (07), quando uma fam\u00edlia voltava da Igreja Assembleia de Deus, no bairro Rendeiras.&hellip;<\/p>\n","protected":false},"author":1,"featured_media":0,"comment_status":"open","ping_status":"open","sticky":false,"template":"","format":"standard","meta":{"footnotes":""},"categories":[1],"tags":[2,1611,13],"class_list":["post-1600","post","type-post","status-publish","format-standard","hentry","category-sem-categoria","tag-blog-do-edvaldo-magalhaes","tag-familia-assaltada-quando-retornava-de-igreja-em-caruaru-e-uma-pessoa-e-baleada","tag-policial"],"_links":{"self":[{"href":"https:\/\/blogdoedvaldomagalhaes.com.br\/index.php\/wp-json\/wp\/v2\/posts\/1600","targetHints":{"allow":["GET"]}}],"collection":[{"href":"https:\/\/blogdoedvaldomagalhaes.com.br\/index.php\/wp-json\/wp\/v2\/posts"}],"about":[{"href":"https:\/\/blogdoedvaldomagalhaes.com.br\/index.php\/wp-json\/wp\/v2\/types\/post"}],"author":[{"embeddable":true,"href":"https:\/\/blogdoedvaldomagalhaes.com.br\/index.php\/wp-json\/wp\/v2\/users\/1"}],"replies":[{"embeddable":true,"href":"https:\/\/blogdoedvaldomagalhaes.com.br\/index.php\/wp-json\/wp\/v2\/comments?post=1600"}],"version-history":[{"count":1,"href":"https:\/\/blogdoedvaldomagalhaes.com.br\/index.php\/wp-json\/wp\/v2\/posts\/1600\/revisions"}],"predecessor-version":[{"id":33277,"href":"https:\/\/blogdoedvaldomagalhaes.com.br\/index.php\/wp-json\/wp\/v2\/posts\/1600\/revisions\/33277"}],"wp:attachment":[{"href":"https:\/\/blogdoedvaldomagalhaes.com.br\/index.php\/wp-json\/wp\/v2\/media?parent=1600"}],"wp:term":[{"taxonomy":"category","embeddable":true,"href":"https:\/\/blogdoedvaldomagalhaes.com.br\/index.php\/wp-json\/wp\/v2\/categories?post=1600"},{"taxonomy":"post_tag","embeddable":true,"href":"https:\/\/blogdoedvaldomagalhaes.com.br\/index.php\/wp-json\/wp\/v2\/tags?post=1600"}],"curies":[{"name":"wp","href":"https:\/\/api.w.org\/{rel}","templated":true}]}}