{"id":1597,"date":"2018-08-09T10:19:00","date_gmt":"2018-08-09T13:19:00","guid":{"rendered":"http:\/\/blogdoedvaldomagalhaes.com.br\/index.php\/2018\/08\/09\/festa-de-nossa-senhora-da-assuncao\/"},"modified":"2019-02-09T02:27:08","modified_gmt":"2019-02-09T04:27:08","slug":"festa-de-nossa-senhora-da-assuncao","status":"publish","type":"post","link":"https:\/\/blogdoedvaldomagalhaes.com.br\/index.php\/2018\/08\/09\/festa-de-nossa-senhora-da-assuncao\/","title":{"rendered":"Festa de Nossa Senhora da Assun\u00e7\u00e3o come\u00e7a nesta quinta-feira em Caruaru"},"content":{"rendered":"<div class=\"separator\" style=\"clear: both; text-align: center;\">\n<a href=\"https:\/\/1.bp.blogspot.com\/-52vUPntmbQo\/W2wVKA3HlsI\/AAAAAAAA34U\/6vHZOCNoRiApVE1rUoSgirl4pNLNq1KHACLcBGAs\/s1600\/n%2Bsra.jpg\" imageanchor=\"1\" style=\"margin-left: 1em; margin-right: 1em;\"><img loading=\"lazy\" decoding=\"async\" border=\"0\" data-original-height=\"333\" data-original-width=\"500\" height=\"426\" src=\"http:\/\/blogdoedvaldomagalhaes.com.br\/wp-content\/uploads\/2018\/08\/nsra.jpg\" width=\"640\" \/><\/a><\/div>\n<div style=\"background-color: white; box-sizing: border-box; line-height: 24px; margin-bottom: 10px; text-align: justify;\">\n<\/div>\n<div style=\"background-color: white; box-sizing: border-box; line-height: 24px; margin-bottom: 10px; text-align: justify;\">\nNo dia 15 de agosto, a Igreja Cat\u00f3lica celebra a festa da Assun\u00e7\u00e3o de Maria. Para marcar a data, come\u00e7a nesta quinta-feira (09) e segue at\u00e9 o dia 19 deste m\u00eas, a Festa de Nossa Senhora da Assun\u00e7\u00e3o, na par\u00f3quia dedicada \u00e0 santa no bairro Indian\u00f3polis, em Caruaru. Nas 11 noites da programa\u00e7\u00e3o haver\u00e1 celebra\u00e7\u00e3o eucar\u00edstica, quermesse e show com atra\u00e7\u00f5es musicais religiosas e populares.<\/div>\n<div style=\"background-color: white; box-sizing: border-box; line-height: 24px; margin-bottom: 10px; text-align: justify;\">\nCom o tema \u201cMaria, disc\u00edpula mission\u00e1ria do Mestre, ensina-nos a ser sal da terra e luz do mundo\u201d, a Festa ir\u00e1 reunir fi\u00e9is da comunidade e de toda a Diocese de Caruaru.&nbsp;&nbsp;Entre os artistas que ir\u00e3o se apresentar est\u00e3o a dupla Larissa e Laura, a cantora Rosimar Lemos, banda N\u00f3s Tr\u00eas, Elias e Banda, Minist\u00e9rio S\u00e3o Miguel e Banda Gera\u00e7\u00e3o Mission\u00e1ria.<\/div>\n<h3 style=\"background-color: white; box-sizing: border-box; font-weight: 400; line-height: 1.1; margin: 0px 0px 15px; text-align: justify;\">\n<strong style=\"box-sizing: border-box;\">Programa\u00e7\u00e3o:<\/strong><strong style=\"box-sizing: border-box;\">&nbsp;<\/strong><\/h3>\n<div style=\"background-color: white; box-sizing: border-box; line-height: 24px; margin-bottom: 10px; text-align: justify;\">\n<strong style=\"box-sizing: border-box;\">Quinta-feira (9)<\/strong><\/div>\n<div style=\"background-color: white; box-sizing: border-box; line-height: 24px; margin-bottom: 10px; text-align: justify;\">\n19h \u2013 Recita\u00e7\u00e3o do Santo Ter\u00e7o e Novena<\/div>\n<div style=\"background-color: white; box-sizing: border-box; line-height: 24px; margin-bottom: 10px; text-align: justify;\">\n19h30 \u2013 Celebra\u00e7\u00e3o eucar\u00edstica presidida pelo Pe. Zenilson Tib\u00farcio (Par\u00f3quia de Nossa Senhora das Dores)<\/div>\n<div style=\"background-color: white; box-sizing: border-box; line-height: 24px; margin-bottom: 10px; text-align: justify;\">\nAtra\u00e7\u00e3o cultural \u2013 Albanita de C\u00e1ssia e Comunidade Restaura\u00e7\u00e3o<strong style=\"box-sizing: border-box;\">&nbsp;<\/strong><\/div>\n<div style=\"background-color: white; box-sizing: border-box; line-height: 24px; margin-bottom: 10px; text-align: justify;\">\n<strong style=\"box-sizing: border-box;\">Sexta-feira (10)<\/strong><\/div>\n<div style=\"background-color: white; box-sizing: border-box; line-height: 24px; margin-bottom: 10px; text-align: justify;\">\n19h \u2013 Recita\u00e7\u00e3o do Santo Ter\u00e7o e Novena<\/div>\n<div style=\"background-color: white; box-sizing: border-box; line-height: 24px; margin-bottom: 10px; text-align: justify;\">\n19h30 \u2013 Celebra\u00e7\u00e3o eucar\u00edstica presidida pelo Pe. Jos\u00e9 Alexandre \u2013 Tareco (\u00c1rea Pastoral Sagrada Fam\u00edlia)<\/div>\n<div style=\"background-color: white; box-sizing: border-box; line-height: 24px; margin-bottom: 10px; text-align: justify;\">\nAtra\u00e7\u00e3o cultural \u2013 Minist\u00e9rio S\u00e3o Miguel<\/div>\n<div style=\"background-color: white; box-sizing: border-box; line-height: 24px; margin-bottom: 10px; text-align: justify;\">\n<strong style=\"box-sizing: border-box;\">S\u00e1bado (11)<\/strong><\/div>\n<div style=\"background-color: white; box-sizing: border-box; line-height: 24px; margin-bottom: 10px; text-align: justify;\">\n19h \u2013 Recita\u00e7\u00e3o do Santo Ter\u00e7o e Novena<\/div>\n<div style=\"background-color: white; box-sizing: border-box; line-height: 24px; margin-bottom: 10px; text-align: justify;\">\n19h30 \u2013 Celebra\u00e7\u00e3o eucar\u00edstica presidida pelo Pe. F\u00e1bio Farias (Par\u00f3quia de Nossa Senhora da Boa Viagem \u2013 Recife)<\/div>\n<div style=\"background-color: white; box-sizing: border-box; line-height: 24px; margin-bottom: 10px; text-align: justify;\">\nAtra\u00e7\u00e3o cultural \u2013 Larissa e Laura<\/div>\n<div style=\"background-color: white; box-sizing: border-box; line-height: 24px; margin-bottom: 10px; text-align: justify;\">\n<strong style=\"box-sizing: border-box;\">Domingo (12)<\/strong><\/div>\n<div style=\"background-color: white; box-sizing: border-box; line-height: 24px; margin-bottom: 10px; text-align: justify;\">\n19h \u2013 Recita\u00e7\u00e3o do Santo Ter\u00e7o e Novena<\/div>\n<div style=\"background-color: white; box-sizing: border-box; line-height: 24px; margin-bottom: 10px; text-align: justify;\">\n19h30 \u2013 Celebra\u00e7\u00e3o eucar\u00edstica presidida pelo Pe. Adriano Davi (Semin\u00e1rio Interdiocesano Nossa Senhora das Dores)<\/div>\n<div style=\"background-color: white; box-sizing: border-box; line-height: 24px; margin-bottom: 10px; text-align: justify;\">\nAtra\u00e7\u00e3o cultural \u2013 Elias e Banda<\/div>\n<div style=\"background-color: white; box-sizing: border-box; line-height: 24px; margin-bottom: 10px; text-align: justify;\">\n<strong style=\"box-sizing: border-box;\">Segunda-feira (13)<\/strong><\/div>\n<div style=\"background-color: white; box-sizing: border-box; line-height: 24px; margin-bottom: 10px; text-align: justify;\">\n19h \u2013 Recita\u00e7\u00e3o do Santo Ter\u00e7o e Novena<\/div>\n<div style=\"background-color: white; box-sizing: border-box; line-height: 24px; margin-bottom: 10px; text-align: justify;\">\n19h30 \u2013 Celebra\u00e7\u00e3o eucar\u00edstica presidida pelo Pe. Adjaildo Soares (Par\u00f3quia Nossa Senhora do Monte Carmelo)<\/div>\n<div style=\"background-color: white; box-sizing: border-box; line-height: 24px; margin-bottom: 10px; text-align: justify;\">\nAtra\u00e7\u00e3o cultural \u2013 Banda da Pol\u00edcia<\/div>\n<div style=\"background-color: white; box-sizing: border-box; line-height: 24px; margin-bottom: 10px; text-align: justify;\">\n<strong style=\"box-sizing: border-box;\">Ter\u00e7a-feira (14)<\/strong><\/div>\n<div style=\"background-color: white; box-sizing: border-box; line-height: 24px; margin-bottom: 10px; text-align: justify;\">\n19h \u2013 Recita\u00e7\u00e3o do Santo Ter\u00e7o e Novena<\/div>\n<div style=\"background-color: white; box-sizing: border-box; line-height: 24px; margin-bottom: 10px; text-align: justify;\">\n19h30 \u2013 Celebra\u00e7\u00e3o eucar\u00edstica presidida pelo Pe. Adenildo Mois\u00e9s (Par\u00f3quia Nossa Senhora das Gra\u00e7as \u2013 Gravat\u00e1)<\/div>\n<div style=\"background-color: white; box-sizing: border-box; line-height: 24px; margin-bottom: 10px; text-align: justify;\">\nAtra\u00e7\u00e3o cultural \u2013 Banda Gera\u00e7\u00e3o Mission\u00e1ria<\/div>\n<div style=\"background-color: white; box-sizing: border-box; line-height: 24px; margin-bottom: 10px; text-align: justify;\">\n<strong style=\"box-sizing: border-box;\">Quarta-feira (15)<\/strong><\/div>\n<div style=\"background-color: white; box-sizing: border-box; line-height: 24px; margin-bottom: 10px; text-align: justify;\">\n19h \u2013 Recita\u00e7\u00e3o do Santo Ter\u00e7o e Novena<\/div>\n<div style=\"background-color: white; box-sizing: border-box; line-height: 24px; margin-bottom: 10px; text-align: justify;\">\n19h30 \u2013 Celebra\u00e7\u00e3o eucar\u00edstica presidida pelo Pe. Arlindo (Par\u00f3quia S\u00e3o Pedro \u2013 Tamandar\u00e9)<\/div>\n<div style=\"background-color: white; box-sizing: border-box; line-height: 24px; margin-bottom: 10px; text-align: justify;\">\nAtra\u00e7\u00e3o cultural \u2013 Rosimar Lemos<\/div>\n<div style=\"background-color: white; box-sizing: border-box; line-height: 24px; margin-bottom: 10px; text-align: justify;\">\n<strong style=\"box-sizing: border-box;\">Quinta-feira (16)<\/strong><\/div>\n<div style=\"background-color: white; box-sizing: border-box; line-height: 24px; margin-bottom: 10px; text-align: justify;\">\n19h \u2013 Recita\u00e7\u00e3o do Santo Ter\u00e7o e Novena<\/div>\n<div style=\"background-color: white; box-sizing: border-box; line-height: 24px; margin-bottom: 10px; text-align: justify;\">\n19h30 \u2013 Celebra\u00e7\u00e3o eucar\u00edstica presidida pelo Pe. Miguel \u00c2ngelo<\/div>\n<div style=\"background-color: white; box-sizing: border-box; line-height: 24px; margin-bottom: 10px; text-align: justify;\">\nAtra\u00e7\u00e3o cultural \u2013 Jessy Black<\/div>\n<div style=\"background-color: white; box-sizing: border-box; line-height: 24px; margin-bottom: 10px; text-align: justify;\">\n<strong style=\"box-sizing: border-box;\">Sexta-feira (17)<\/strong><\/div>\n<div style=\"background-color: white; box-sizing: border-box; line-height: 24px; margin-bottom: 10px; text-align: justify;\">\n19h \u2013 Recita\u00e7\u00e3o do Santo Ter\u00e7o e Novena<\/div>\n<div style=\"background-color: white; box-sizing: border-box; line-height: 24px; margin-bottom: 10px; text-align: justify;\">\n19h30 \u2013 Celebra\u00e7\u00e3o eucar\u00edstica presidida pelo Pe. Alexsandro Jorge (Par\u00f3quia S\u00e3o Jos\u00e9)<\/div>\n<div style=\"background-color: white; box-sizing: border-box; line-height: 24px; margin-bottom: 10px; text-align: justify;\">\nAtra\u00e7\u00e3o cultural \u2013 N\u00f3s Tr\u00eas<\/div>\n<div style=\"background-color: white; box-sizing: border-box; line-height: 24px; margin-bottom: 10px; text-align: justify;\">\n<strong style=\"box-sizing: border-box;\">S\u00e1bado (18)<\/strong><\/div>\n<div style=\"background-color: white; box-sizing: border-box; line-height: 24px; margin-bottom: 10px; text-align: justify;\">\n19h \u2013 Recita\u00e7\u00e3o do Santo Ter\u00e7o e Novena<\/div>\n<div style=\"background-color: white; box-sizing: border-box; line-height: 24px; margin-bottom: 10px; text-align: justify;\">\n19h30 \u2013 Celebra\u00e7\u00e3o eucar\u00edstica presidida pelo Pe. Paulo Jorge (\u00c1rea Pastoral S\u00e3o Jos\u00e9)<\/div>\n<div style=\"background-color: white; box-sizing: border-box; line-height: 24px; margin-bottom: 10px; text-align: justify;\">\nAtra\u00e7\u00e3o cultural \u2013 Minist\u00e9rio Sant\u00edssima Trindade<\/div>\n<div style=\"background-color: white; box-sizing: border-box; line-height: 24px; margin-bottom: 10px; text-align: justify;\">\n<strong style=\"box-sizing: border-box;\">Domingo (19)<\/strong><\/div>\n<div style=\"background-color: white; box-sizing: border-box; line-height: 24px; margin-bottom: 10px; text-align: justify;\">\n8h \u2013 Celebra\u00e7\u00e3o eucar\u00edstica presidida pelo Pe. Renan Sebasti\u00e3o (Par\u00f3quia S\u00e3o Jos\u00e9)<\/div>\n<div style=\"background-color: white; box-sizing: border-box; line-height: 24px; margin-bottom: 10px; text-align: justify;\">\n16h \u2013 Canto do Of\u00edcio da Imaculada Concei\u00e7\u00e3o<\/div>\n<div style=\"background-color: white; box-sizing: border-box; line-height: 24px; margin-bottom: 10px; text-align: justify;\">\n16h30 \u2013 Prociss\u00e3o com a imagem de Nossa Senhora da Assun\u00e7\u00e3o e concelebra\u00e7\u00e3o eucar\u00edstica presidida por Dom Bernardino Marchi\u00f3 (Bispo Diocesano de Caruaru)<\/div>\n<p><\/p>\n<div class=\"sharedaddy sd-sharing-enabled\" style=\"background-color: white; box-sizing: border-box; clear: both;\">\n<\/div>\n<p><\/p>\n<div style=\"-webkit-text-stroke-width: 0px; background-color: white; box-sizing: border-box; font-style: normal; font-variant-caps: normal; font-variant-ligatures: normal; font-weight: 400; letter-spacing: normal; line-height: 24px; margin: 0px 0px 10px; orphans: 2; text-align: justify; text-decoration-color: initial; text-decoration-style: initial; text-indent: 0px; text-transform: none; white-space: normal; widows: 2; word-spacing: 0px;\">\nAtra\u00e7\u00e3o cultural \u2013 Bingo<\/div>\n","protected":false},"excerpt":{"rendered":"<p>No dia 15 de agosto, a Igreja Cat\u00f3lica celebra a festa da Assun\u00e7\u00e3o de Maria. Para marcar a data, come\u00e7a&hellip;<\/p>\n","protected":false},"author":1,"featured_media":0,"comment_status":"open","ping_status":"open","sticky":false,"template":"","format":"standard","meta":{"footnotes":""},"categories":[1],"tags":[2,1608,6],"class_list":["post-1597","post","type-post","status-publish","format-standard","hentry","category-sem-categoria","tag-blog-do-edvaldo-magalhaes","tag-festa-de-nossa-senhora-da-assuncao-comeca-nesta-quinta-feira-em-caruaru","tag-noticias"],"_links":{"self":[{"href":"https:\/\/blogdoedvaldomagalhaes.com.br\/index.php\/wp-json\/wp\/v2\/posts\/1597","targetHints":{"allow":["GET"]}}],"collection":[{"href":"https:\/\/blogdoedvaldomagalhaes.com.br\/index.php\/wp-json\/wp\/v2\/posts"}],"about":[{"href":"https:\/\/blogdoedvaldomagalhaes.com.br\/index.php\/wp-json\/wp\/v2\/types\/post"}],"author":[{"embeddable":true,"href":"https:\/\/blogdoedvaldomagalhaes.com.br\/index.php\/wp-json\/wp\/v2\/users\/1"}],"replies":[{"embeddable":true,"href":"https:\/\/blogdoedvaldomagalhaes.com.br\/index.php\/wp-json\/wp\/v2\/comments?post=1597"}],"version-history":[{"count":1,"href":"https:\/\/blogdoedvaldomagalhaes.com.br\/index.php\/wp-json\/wp\/v2\/posts\/1597\/revisions"}],"predecessor-version":[{"id":33284,"href":"https:\/\/blogdoedvaldomagalhaes.com.br\/index.php\/wp-json\/wp\/v2\/posts\/1597\/revisions\/33284"}],"wp:attachment":[{"href":"https:\/\/blogdoedvaldomagalhaes.com.br\/index.php\/wp-json\/wp\/v2\/media?parent=1597"}],"wp:term":[{"taxonomy":"category","embeddable":true,"href":"https:\/\/blogdoedvaldomagalhaes.com.br\/index.php\/wp-json\/wp\/v2\/categories?post=1597"},{"taxonomy":"post_tag","embeddable":true,"href":"https:\/\/blogdoedvaldomagalhaes.com.br\/index.php\/wp-json\/wp\/v2\/tags?post=1597"}],"curies":[{"name":"wp","href":"https:\/\/api.w.org\/{rel}","templated":true}]}}