{"id":1596,"date":"2018-08-09T10:26:00","date_gmt":"2018-08-09T13:26:00","guid":{"rendered":"http:\/\/blogdoedvaldomagalhaes.com.br\/index.php\/2018\/08\/09\/bancarios-entram-em-estado-de-greve-no\/"},"modified":"2019-02-09T02:27:09","modified_gmt":"2019-02-09T04:27:09","slug":"bancarios-entram-em-estado-de-greve-no","status":"publish","type":"post","link":"https:\/\/blogdoedvaldomagalhaes.com.br\/index.php\/2018\/08\/09\/bancarios-entram-em-estado-de-greve-no\/","title":{"rendered":"Banc\u00e1rios entram em estado de greve no Recife; Em Caruaru, a assembleia acontece nesta quinta (9)"},"content":{"rendered":"<div class=\"separator\" style=\"clear: both; text-align: center;\">\n<a href=\"https:\/\/3.bp.blogspot.com\/-gTS9GXs4D6c\/W2wWnnV-w7I\/AAAAAAAA34g\/CwccP9hzHhghiAlvVTn3CmefdOS244PbwCLcBGAs\/s1600\/banco.jpg\" imageanchor=\"1\" style=\"margin-left: 1em; margin-right: 1em;\"><img loading=\"lazy\" decoding=\"async\" border=\"0\" data-original-height=\"432\" data-original-width=\"768\" height=\"360\" src=\"http:\/\/blogdoedvaldomagalhaes.com.br\/wp-content\/uploads\/2018\/08\/banco.jpg\" width=\"640\" \/><\/a><\/div>\n<div class=\"separator\" style=\"clear: both; text-align: center;\">\nFoto:&nbsp;SEEC-PE&nbsp;<\/div>\n<div style=\"background-color: white; box-sizing: border-box; line-height: 24px; margin-bottom: 10px; text-align: justify;\">\n<\/div>\n<div style=\"background-color: white; box-sizing: border-box; line-height: 24px; margin-bottom: 10px; text-align: justify;\">\nEm assembleia realizada na noite desta quarta-feira (08), no Recife, o Sindicato dos Banc\u00e1rios de Pernambuco decidiu entrar em estado de greve. A categoria est\u00e1 insatisfeita com as propostas da Federa\u00e7\u00e3o Nacional de Bancos (Fenaban) na campanha salarial 2018\/2019.<\/div>\n<div style=\"background-color: white; box-sizing: border-box; line-height: 24px; margin-bottom: 10px; text-align: justify;\">\nDe acordo com o sindicato, a campanha salarial deste ano pede a infla\u00e7\u00e3o mais 5% de ganho real. Al\u00e9m disso, a categoria solicita a manuten\u00e7\u00e3o dos direitos trabalhistas. Nova rodada de negocia\u00e7\u00e3o foi marcada para 17 de agosto.<\/div>\n<div style=\"background-color: white; box-sizing: border-box; line-height: 24px; margin-bottom: 10px; text-align: justify;\">\nEm Caruaru, os banc\u00e1rios realizam assembleia na noite desta quinta-feira (09) para avaliar a proposta. Confira os detalhes na reportagem de Claudiana Silva.<\/div>\n<div style=\"background-color: white; box-sizing: border-box; line-height: 24px; margin-bottom: 10px; text-align: justify;\">\nFonte: R\u00e1dio Liberdade.<\/div>\n<div style=\"text-align: justify;\">\n<\/div>\n","protected":false},"excerpt":{"rendered":"<p>Foto:&nbsp;SEEC-PE&nbsp; Em assembleia realizada na noite desta quarta-feira (08), no Recife, o Sindicato dos Banc\u00e1rios de Pernambuco decidiu entrar em&hellip;<\/p>\n","protected":false},"author":1,"featured_media":0,"comment_status":"open","ping_status":"open","sticky":false,"template":"","format":"standard","meta":{"footnotes":""},"categories":[1],"tags":[1606,1607,2,6],"class_list":["post-1596","post","type-post","status-publish","format-standard","hentry","category-sem-categoria","tag-a-assembleia-acontece-nesta-quinta-9","tag-bancarios-entram-em-estado-de-greve-no-recife-em-caruaru","tag-blog-do-edvaldo-magalhaes","tag-noticias"],"_links":{"self":[{"href":"https:\/\/blogdoedvaldomagalhaes.com.br\/index.php\/wp-json\/wp\/v2\/posts\/1596","targetHints":{"allow":["GET"]}}],"collection":[{"href":"https:\/\/blogdoedvaldomagalhaes.com.br\/index.php\/wp-json\/wp\/v2\/posts"}],"about":[{"href":"https:\/\/blogdoedvaldomagalhaes.com.br\/index.php\/wp-json\/wp\/v2\/types\/post"}],"author":[{"embeddable":true,"href":"https:\/\/blogdoedvaldomagalhaes.com.br\/index.php\/wp-json\/wp\/v2\/users\/1"}],"replies":[{"embeddable":true,"href":"https:\/\/blogdoedvaldomagalhaes.com.br\/index.php\/wp-json\/wp\/v2\/comments?post=1596"}],"version-history":[{"count":1,"href":"https:\/\/blogdoedvaldomagalhaes.com.br\/index.php\/wp-json\/wp\/v2\/posts\/1596\/revisions"}],"predecessor-version":[{"id":33286,"href":"https:\/\/blogdoedvaldomagalhaes.com.br\/index.php\/wp-json\/wp\/v2\/posts\/1596\/revisions\/33286"}],"wp:attachment":[{"href":"https:\/\/blogdoedvaldomagalhaes.com.br\/index.php\/wp-json\/wp\/v2\/media?parent=1596"}],"wp:term":[{"taxonomy":"category","embeddable":true,"href":"https:\/\/blogdoedvaldomagalhaes.com.br\/index.php\/wp-json\/wp\/v2\/categories?post=1596"},{"taxonomy":"post_tag","embeddable":true,"href":"https:\/\/blogdoedvaldomagalhaes.com.br\/index.php\/wp-json\/wp\/v2\/tags?post=1596"}],"curies":[{"name":"wp","href":"https:\/\/api.w.org\/{rel}","templated":true}]}}